{"id":16005,"date":"2026-01-10T22:11:21","date_gmt":"2026-01-10T22:11:21","guid":{"rendered":"https:\/\/www.europesays.com\/africa\/16005\/"},"modified":"2026-01-10T22:11:21","modified_gmt":"2026-01-10T22:11:21","slug":"senegal-la-societe-africaine-de-raffinage-amorce-une-transformation-majeure-un-chiffre-daffaire-record-de-35-milliards-une-2e-raffinerie-annoncee","status":"publish","type":"post","link":"https:\/\/www.europesays.com\/africa\/16005\/","title":{"rendered":"S\u00e9n\u00e9gal: La soci\u00e9t\u00e9 africaine de raffinage amorce une transformation majeure &#8211; Un chiffre d&#8217;affaire record de 35 milliards, une 2e raffinerie annonc\u00e9e"},"content":{"rendered":"<p class=\"story-body-text\" data-para-word-count=\"26\">La Soci\u00e9t\u00e9 Africaine de Raffinage (SAR) est engag\u00e9e dans une transformation majeure avec un chiffre d&#8217;affaire record de 35 milliards de FCFA. Une 2e raffinerie annonc\u00e9e.<\/p>\n<p class=\"story-body-text\" data-para-word-count=\"67\">La Soci\u00e9t\u00e9 Africaine de Raffinage (SAR) est r\u00e9solument engag\u00e9e dans une phase de transformation profonde, port\u00e9e par des projets structurants visant \u00e0 renforcer sa performance industrielle, sa modernisation et sa durabilit\u00e9. Cette orientation strat\u00e9gique a \u00e9t\u00e9 r\u00e9affirm\u00e9e par le Directeur g\u00e9n\u00e9ral de la SAR, lors de la c\u00e9r\u00e9monie de reconnaissance et de distinction honorifique du personnel, organis\u00e9e en pr\u00e9sence de plusieurs autorit\u00e9s gouvernementales, responsables institutionnels et partenaires.<\/p>\n<p class=\"story-body-text\" data-para-word-count=\"46\">\u00abLa Soci\u00e9t\u00e9 Africaine de Raffinage est aujourd&#8217;hui engag\u00e9e dans une phase de transformation profonde, port\u00e9e par des projets structurants destin\u00e9s \u00e0 renforcer durablement sa performance industrielle, sa modernisation et sa comp\u00e9titivit\u00e9\u00bb, a d\u00e9clar\u00e9 Mamadou Abid Diop, le Directeur g\u00e9n\u00e9ral de la SAR lors de cette c\u00e9r\u00e9monie.<\/p>\n<p class=\"story-body-text\" style=\"text-align: center;\">\n<p>Restez inform\u00e9 des derniers gros titres sur <a href=\"https:\/\/whatsapp.com\/channel\/0029Vae09IP4inotqC0BUQ2V\" target=\"_blank\" rel=\"nofollow noopener\">WhatsApp<\/a> | <a href=\"https:\/\/www.linkedin.com\/company\/allafrica\/\" target=\"_blank\" rel=\"nofollow noopener\">LinkedIn<\/a><\/p>\n<p class=\"story-body-text\" data-para-word-count=\"72\">Selon le premier responsable de l&#8217;entreprise, cette dynamique strat\u00e9gique repose sur \u00able projet SAR 2, la transformation num\u00e9rique, la construction d&#8217;un nouveau Sea-Line Brut\/Fuel, la modernisation du site industriel, la construction d&#8217;un nouveau b\u00e2timent administratif ainsi que la mise en place de la SAR Academy\u00bb. \u00ab\u00c0 travers la SAR Academy, nous affirmons que l&#8217;investissement dans le capital humain et la transmission des savoirs constituent les fondements de toute r\u00e9ussite durable\u00bb, a-t-il soulign\u00e9.<\/p>\n<p class=\"story-body-text\" data-para-word-count=\"54\">Le Directeur g\u00e9n\u00e9ral de la SAR a \u00e9galement mis en exergue la dimension soci\u00e9tale de cette transformation. \u00abLa cr\u00e9ation de la Fondation de la SAR traduit notre volont\u00e9 d&#8217;assumer pleinement notre responsabilit\u00e9 soci\u00e9tale et de contribuer durablement au d\u00e9veloppement social, \u00e9ducatif et communautaire, en coh\u00e9rence avec les valeurs qui fondent notre entreprise\u00bb, a-t-il indiqu\u00e9.<\/p>\n<p class=\"story-body-text\" data-para-word-count=\"57\">Dans un environnement industriel exigeant, la s\u00e9curit\u00e9 demeure, selon lui, un pilier non n\u00e9gociable. \u00abLa s\u00e9curit\u00e9 n&#8217;est pas une option. Elle est une culture, un r\u00e9flexe quotidien et un engagement partag\u00e9 par l&#8217;ensemble des \u00e9quipes\u00bb, a insist\u00e9 le Directeur g\u00e9n\u00e9ral, rappelant que cette discipline collective a permis \u00e0 la SAR de traverser les p\u00e9riodes les plus difficiles.<\/p>\n<p class=\"story-body-text\" data-para-word-count=\"45\">Cette culture de la rigueur et de la pr\u00e9vention s&#8217;est traduite par \u00abdes performances remarquables enregistr\u00e9es sur la p\u00e9riode 2024-2025, notamment en termes de volumes\u00bb. \u00abCes r\u00e9sultats sont le fruit d&#8217;un travail de fond, d&#8217;une expertise patiemment construite et d&#8217;un esprit d&#8217;\u00e9quipe solide\u00bb, a-t-il ajout\u00e9.<\/p>\n<p class=\"story-body-text\" data-para-word-count=\"70\">Au-del\u00e0 des infrastructures et des investissements, Mamadou Abid Diop a tenu \u00e0 rappeler que la SAR demeure avant tout \u00abune communaut\u00e9 humaine, faite de femmes et d&#8217;hommes d&#8217;hier et d&#8217;aujourd&#8217;hui, unie par des valeurs fortes telles que l&#8217;esprit d&#8217;\u00e9quipe, la coh\u00e9sion et la responsabilit\u00e9 collective\u00bb. \u00abLa SAR d&#8217;aujourd&#8217;hui et de demain s&#8217;appuie sur les fondations solides construites par celles et ceux qui l&#8217;ont servie avec engagement et loyaut\u00e9\u00bb, a-t-il affirm\u00e9.<\/p>\n<p class=\"story-body-text\" data-para-word-count=\"60\">La c\u00e9r\u00e9monie a \u00e9t\u00e9 marqu\u00e9e par un hommage appuy\u00e9 aux agents ayant achev\u00e9 leur parcours professionnel. \u00abNous rendons aujourd&#8217;hui un hommage particulier \u00e0 nos cinq retrait\u00e9s : Madame Kane Fatou Nguer et Messieurs Sidy Alias Fall, Isma\u00efla Man\u00e9, Kor S\u00e8ne et Ibrahima Sall, dont les parcours incarnent profond\u00e9ment l&#8217;esprit et les valeurs de la SAR\u00bb, a d\u00e9clar\u00e9 le Directeur g\u00e9n\u00e9ral.<\/p>\n<p class=\"story-body-text\" data-para-word-count=\"63\">Par ailleurs, \u00abvingt-deux agents ont re\u00e7u des M\u00e9dailles du Travail, distinctions honorifiques venant consacrer des parcours marqu\u00e9s par la constance, la rigueur et le sens du service\u00bb. \u00abCes d\u00e9corations sont le symbole de la reconnaissance de la SAR envers celles et ceux qui, par leur engagement quotidien, contribuent \u00e0 faire de notre entreprise un patrimoine industriel strat\u00e9gique au service du S\u00e9n\u00e9gal\u00bb, a-t-il conclu.<\/p>\n","protected":false},"excerpt":{"rendered":"La Soci\u00e9t\u00e9 Africaine de Raffinage (SAR) est engag\u00e9e dans une transformation majeure avec un chiffre d&#8217;affaire record de&hellip;\n","protected":false},"author":2,"featured_media":198,"comment_status":"","ping_status":"","sticky":false,"template":"","format":"standard","meta":{"footnotes":""},"categories":[48],"tags":[63,83,269,5309,265,262,96,261,159,264,263,266,325],"class_list":{"0":"post-16005","1":"post","2":"type-post","3":"status-publish","4":"format-standard","5":"has-post-thumbnail","7":"category-senegal","8":"tag-africa","9":"tag-business","10":"tag-business-and-finance","11":"tag-company-news","12":"tag-current-events","13":"tag-economy","14":"tag-news","15":"tag-politics","16":"tag-senegal","17":"tag-sports","18":"tag-trade","19":"tag-travel","20":"tag-west-africa"},"share_on_mastodon":{"url":"","error":""},"_links":{"self":[{"href":"https:\/\/www.europesays.com\/africa\/wp-json\/wp\/v2\/posts\/16005","targetHints":{"allow":["GET"]}}],"collection":[{"href":"https:\/\/www.europesays.com\/africa\/wp-json\/wp\/v2\/posts"}],"about":[{"href":"https:\/\/www.europesays.com\/africa\/wp-json\/wp\/v2\/types\/post"}],"author":[{"embeddable":true,"href":"https:\/\/www.europesays.com\/africa\/wp-json\/wp\/v2\/users\/2"}],"replies":[{"embeddable":true,"href":"https:\/\/www.europesays.com\/africa\/wp-json\/wp\/v2\/comments?post=16005"}],"version-history":[{"count":0,"href":"https:\/\/www.europesays.com\/africa\/wp-json\/wp\/v2\/posts\/16005\/revisions"}],"wp:featuredmedia":[{"embeddable":true,"href":"https:\/\/www.europesays.com\/africa\/wp-json\/wp\/v2\/media\/198"}],"wp:attachment":[{"href":"https:\/\/www.europesays.com\/africa\/wp-json\/wp\/v2\/media?parent=16005"}],"wp:term":[{"taxonomy":"category","embeddable":true,"href":"https:\/\/www.europesays.com\/africa\/wp-json\/wp\/v2\/categories?post=16005"},{"taxonomy":"post_tag","embeddable":true,"href":"https:\/\/www.europesays.com\/africa\/wp-json\/wp\/v2\/tags?post=16005"}],"curies":[{"name":"wp","href":"https:\/\/api.w.org\/{rel}","templated":true}]}}