{"id":16063,"date":"2026-01-10T22:57:06","date_gmt":"2026-01-10T22:57:06","guid":{"rendered":"https:\/\/www.europesays.com\/africa\/16063\/"},"modified":"2026-01-10T22:57:06","modified_gmt":"2026-01-10T22:57:06","slug":"un-gros-club-europeen-veut-soffrir-luca-zidane-des-cet-hiver","status":"publish","type":"post","link":"https:\/\/www.europesays.com\/africa\/16063\/","title":{"rendered":"un gros club europ\u00e9en veut s\u2019offrir Luca Zidane d\u00e8s cet hiver !"},"content":{"rendered":"<p>L\u2019aventure de <a href=\"https:\/\/www.footmercato.net\/joueur\/luca-zidane\/\" rel=\"nofollow noopener\" target=\"_blank\">Luca Zidane<\/a> \u00e0 la Coupe d\u2019Afrique des Nations s\u2019est arr\u00eat\u00e9e plus t\u00f4t que pr\u00e9vu, mais elle pourrait lui offrir un sacr\u00e9 tremplin pour sa carri\u00e8re. Titulaire avec l\u2019Alg\u00e9rie depuis le d\u00e9but de la <a href=\"https:\/\/www.footmercato.net\/afrique\/coupe-dafrique-des-nations\/\" rel=\"nofollow noopener\" target=\"_blank\">CAN<\/a> 2025, le gardien de 27 ans n\u2019a pu emp\u00eacher l\u2019\u00e9limination des Verts <a href=\"https:\/\/www.footmercato.net\/a8790598881577276401-can-2025-le-nigeria-surclasse-tranquillement-lalgerie-et-affrontera-le-maroc-en-demi-finale\" rel=\"nofollow noopener\" target=\"_blank\">en quart de finale par le Nigeria (0-2)<\/a>, mettant fin \u00e0 un parcours qui aura toutefois servi de v\u00e9ritable vitrine internationale. Une premi\u00e8re comp\u00e9tition majeure formatrice pour le portier de 26 ans, r\u00e9cemment devenu international alg\u00e9rien apr\u00e8s avoir obtenu la nationalit\u00e9.<\/p>\n<p>            La suite apr\u00e8s cette publicit\u00e9<\/p>\n<p>Malgr\u00e9 cette \u00e9limination et une fin de match <a href=\"https:\/\/www.footmercato.net\/a2519682557571735706-nigeria-algerie-ca-a-chauffe-apres-la-rencontre-entre-luca-zidane-et-les-joueurs-nigerians\" rel=\"nofollow noopener\" target=\"_blank\">chaotique entre les deux \u00e9quipes, amenant \u00e0 une altercation<\/a> entre le fils de Zinedine Zidane et des joueurs nig\u00e9rians, les performances du gardien de <a href=\"https:\/\/www.footmercato.net\/club\/granada-cf\/\" rel=\"nofollow noopener\" target=\"_blank\">Grenade<\/a> n\u2019ont pas laiss\u00e9 indiff\u00e9rents plusieurs clubs europ\u00e9ens. Son statut de num\u00e9ro un avec les Fennecs et sa r\u00e9gularit\u00e9 en club ont renforc\u00e9 son attractivit\u00e9 sur le march\u00e9. Sous contrat avec Grenade jusqu\u2019au 30 juin 2027, le fils de Zin\u00e9dine Zidane s\u2019inscrit d\u00e9sormais comme un joueur \u00e0 forte valeur ajout\u00e9e pour le club andalou, <a href=\"https:\/\/www.footmercato.net\/espagne\/laliga-1-2-3\/2025-2026\/classement\" rel=\"nofollow noopener\" target=\"_blank\">qui peine \u00e0 sortir de la zone rouge<\/a> en deuxi\u00e8me division espagnole.<\/p>\n<p>            La suite apr\u00e8s cette publicit\u00e9<\/p>\n<p>        Un club europ\u00e9en pr\u00eat \u00e0 mettre 2 M\u20ac<\/p>\n<p>D\u2019apr\u00e8s <a href=\"https:\/\/as.com\/futbol\/segunda\/argelia-pone-a-luca-zidane-en-el-escaparate-f202601-n\/\" rel=\"nofollow noopener\" target=\"_blank\">AS<\/a> et plusieurs sources en Croatie, plusieurs clubs s\u2019int\u00e9ressent \u00e0 sa situation. Parmi les pistes les plus s\u00e9rieuses, le <a href=\"https:\/\/www.footmercato.net\/club\/gnk-dinamo-zagreb\/\" rel=\"nofollow noopener\" target=\"_blank\">Dinamo Zagreb<\/a> suivrait de tr\u00e8s pr\u00e8s l\u2019\u00e9volution du gardien alg\u00e9rien. Le club croate envisagerait m\u00eame une offensive d\u00e8s ce mercato hivernal et serait pr\u00eat \u00e0 investir environ 2 millions d\u2019euros pour s\u2019attacher ses services. Une destination qui pourrait faciliter son adaptation, avec la pr\u00e9sence d\u2019anciens de Liga, plusieurs visages francophones connus et de joueurs alg\u00e9riens dans l\u2019effectif, dont son co\u00e9quipier en s\u00e9lection Isma\u00ebl Bennacer.<\/p>\n<p>Pour Grenade, un tel transfert repr\u00e9senterait une plus-value cons\u00e9quente, puisque Luca Zidane avait \u00e9t\u00e9 recrut\u00e9 pour approximativement 500 000 euros \u00e0 l\u2019\u00e9t\u00e9 2024. Ce transfert apporterait un soutien financier consid\u00e9rable au club en difficult\u00e9, m\u00eame s\u2019il affaiblirait l\u2019effectif andalou. Mais sportivement, son d\u00e9part obligerait le club \u00e0 se renforcer rapidement \u00e0 ce poste. \u00c9limin\u00e9 de la CAN, mais d\u00e9sormais expos\u00e9 aux yeux de l\u2019Europe, Luca Zidane pourrait bien \u00eatre l\u2019un des dossiers chauds de l\u2019hiver.<\/p>\n<p>\n    Pub. le 10\/01\/2026 23:18<br \/>\n            &#8211; MAJ le 10\/01\/2026 23:36\n    <\/p>\n","protected":false},"excerpt":{"rendered":"L\u2019aventure de Luca Zidane \u00e0 la Coupe d\u2019Afrique des Nations s\u2019est arr\u00eat\u00e9e plus t\u00f4t que pr\u00e9vu, mais elle&hellip;\n","protected":false},"author":2,"featured_media":16064,"comment_status":"","ping_status":"","sticky":false,"template":"","format":"standard","meta":{"footnotes":""},"categories":[254],"tags":[255],"class_list":{"0":"post-16063","1":"post","2":"type-post","3":"status-publish","4":"format-standard","5":"has-post-thumbnail","7":"category-algerie","8":"tag-algerie"},"share_on_mastodon":{"url":"","error":""},"_links":{"self":[{"href":"https:\/\/www.europesays.com\/africa\/wp-json\/wp\/v2\/posts\/16063","targetHints":{"allow":["GET"]}}],"collection":[{"href":"https:\/\/www.europesays.com\/africa\/wp-json\/wp\/v2\/posts"}],"about":[{"href":"https:\/\/www.europesays.com\/africa\/wp-json\/wp\/v2\/types\/post"}],"author":[{"embeddable":true,"href":"https:\/\/www.europesays.com\/africa\/wp-json\/wp\/v2\/users\/2"}],"replies":[{"embeddable":true,"href":"https:\/\/www.europesays.com\/africa\/wp-json\/wp\/v2\/comments?post=16063"}],"version-history":[{"count":0,"href":"https:\/\/www.europesays.com\/africa\/wp-json\/wp\/v2\/posts\/16063\/revisions"}],"wp:featuredmedia":[{"embeddable":true,"href":"https:\/\/www.europesays.com\/africa\/wp-json\/wp\/v2\/media\/16064"}],"wp:attachment":[{"href":"https:\/\/www.europesays.com\/africa\/wp-json\/wp\/v2\/media?parent=16063"}],"wp:term":[{"taxonomy":"category","embeddable":true,"href":"https:\/\/www.europesays.com\/africa\/wp-json\/wp\/v2\/categories?post=16063"},{"taxonomy":"post_tag","embeddable":true,"href":"https:\/\/www.europesays.com\/africa\/wp-json\/wp\/v2\/tags?post=16063"}],"curies":[{"name":"wp","href":"https:\/\/api.w.org\/{rel}","templated":true}]}}