{"id":16078,"date":"2026-01-10T23:09:13","date_gmt":"2026-01-10T23:09:13","guid":{"rendered":"https:\/\/www.europesays.com\/africa\/16078\/"},"modified":"2026-01-10T23:09:13","modified_gmt":"2026-01-10T23:09:13","slug":"coupe-dafrique-des-nations-un-important-dispositif-deploye-a-lyon-pour-le-match-algerie-nigeria","status":"publish","type":"post","link":"https:\/\/www.europesays.com\/africa\/16078\/","title":{"rendered":"Coupe d&#8217;Afrique des Nations : un important dispositif d\u00e9ploy\u00e9 \u00e0 Lyon pour le match Alg\u00e9rie-Nigeria\u00a0"},"content":{"rendered":"<p>Alors que Lyon se pr\u00e9pare \u00e0 vibrer lors du quart de finale de la CAN entre l&#8217;Alg\u00e9rie et le Nigeria ce samedi 10 janvier, la pr\u00e9fecture du Rh\u00f4ne a renforc\u00e9 la s\u00e9curit\u00e9 avec le d\u00e9ploiement de la CRS83, sp\u00e9cialement form\u00e9e pour faire face \u00e0 d&#8217;\u00e9ventuels d\u00e9bordements des supporters.<\/p>\n<p>Ce samedi, en marge du match tr\u00e8s attendu entre l&#8217;Alg\u00e9rie et le Nigeria comptant pour les quarts de finale de la Coupe d&#8217;Afrique des Nations, les forces de l&#8217;ordre seront renforc\u00e9es \u00e0 Lyon.\u00a0<\/p>\n<p>Apr\u00e8s les premiers d\u00e9bordements constat\u00e9s mardi soir, lorsque plusieurs centaines de supporters ont interrompu la circulation et lanc\u00e9 des projectiles place Gabriel-P\u00e9ri, la pr\u00e9fecture a d\u00e9cid\u00e9 de mobiliser la CRS83, unit\u00e9 sp\u00e9cialis\u00e9e dans la gestion des violences urbaines et des troubles \u00e0 l&#8217;ordre public de haute intensit\u00e9.\u00a0<\/p>\n<p>Cette unit\u00e9, bas\u00e9e \u00e0 Chassieu, est intervenue en renfort des forces locales, aux c\u00f4t\u00e9s d&#8217;effectifs de la police nationale et d&#8217;engins lanceurs d&#8217;eau pr\u00e9positionn\u00e9s pour emp\u00eacher toute escalade.\u00a0<\/p>\n<p>Des fus\u00e9es et des projectiles lanc\u00e9s\u00a0<\/p>\n<p>Mardi dernier, des fus\u00e9es retentissaient jusqu&#8217;\u00e0 la Guilloti\u00e8re, des projectiles \u00e9taient lanc\u00e9s contre les v\u00e9hicules, y compris les trams, et des chants \u00e0 caract\u00e8re raciste avaient \u00e9t\u00e9 signal\u00e9s contre les Marocains et les Juifs. Face \u00e0 cela, la pr\u00e9f\u00e8te du Rh\u00f4ne avait transmis un signalement au procureur de la R\u00e9publique.<\/p>\n<p>La mobilisation ce samedi vise \u00e0 garantir le bon d\u00e9roulement du match et \u00e0 pr\u00e9venir des incidents identiques.\u00a0<\/p>\n<p>Le d\u00e9ploiement de la CRS83 s&#8217;inscrit dans un dispositif global : renforcement du maillage local, dispositifs anti-\u00e9meute, et coordination avec les transports en commun.\u00a0<\/p>\n<p>Les autorit\u00e9s esp\u00e8rent ainsi assurer une ambiance festive, sans franchissements dangereux de la ligne, alors que des milliers de supporters sont attendus dans les rues de Lyon pour suivre le match.\u00a0<\/p>\n<p><img loading=\"lazy\" decoding=\"async\" src=\"https:\/\/www.europesays.com\/africa\/wp-content\/uploads\/2026\/01\/img.png\" width=\"350\" height=\"200\" border=\"0\" title=\"Une intervention d'un pompier\"\/><\/p>\n<p>\u25baFaits divers<\/p>\n<p style=\"font-size: 22px;\">Lyon : une fillette de 4 ans renvers\u00e9e avenue des Fr\u00e8res-Lumi\u00e8re, le conducteur interpell\u00e9\u00a0<\/p>\n<p>Ce mercredi 7 janvier, une fillette de 4 ans a \u00e9t\u00e9&#8230;<\/p>\n<p><\/p>\n","protected":false},"excerpt":{"rendered":"Alors que Lyon se pr\u00e9pare \u00e0 vibrer lors du quart de finale de la CAN entre l&#8217;Alg\u00e9rie et&hellip;\n","protected":false},"author":2,"featured_media":16079,"comment_status":"","ping_status":"","sticky":false,"template":"","format":"standard","meta":{"footnotes":""},"categories":[62],"tags":[64,10421,360,10420,2333,122],"class_list":{"0":"post-16078","1":"post","2":"type-post","3":"status-publish","4":"format-standard","5":"has-post-thumbnail","7":"category-afrique","8":"tag-afrique","9":"tag-algrie","10":"tag-can","11":"tag-crs83","12":"tag-dispositif","13":"tag-nigeria"},"share_on_mastodon":{"url":"","error":""},"_links":{"self":[{"href":"https:\/\/www.europesays.com\/africa\/wp-json\/wp\/v2\/posts\/16078","targetHints":{"allow":["GET"]}}],"collection":[{"href":"https:\/\/www.europesays.com\/africa\/wp-json\/wp\/v2\/posts"}],"about":[{"href":"https:\/\/www.europesays.com\/africa\/wp-json\/wp\/v2\/types\/post"}],"author":[{"embeddable":true,"href":"https:\/\/www.europesays.com\/africa\/wp-json\/wp\/v2\/users\/2"}],"replies":[{"embeddable":true,"href":"https:\/\/www.europesays.com\/africa\/wp-json\/wp\/v2\/comments?post=16078"}],"version-history":[{"count":0,"href":"https:\/\/www.europesays.com\/africa\/wp-json\/wp\/v2\/posts\/16078\/revisions"}],"wp:featuredmedia":[{"embeddable":true,"href":"https:\/\/www.europesays.com\/africa\/wp-json\/wp\/v2\/media\/16079"}],"wp:attachment":[{"href":"https:\/\/www.europesays.com\/africa\/wp-json\/wp\/v2\/media?parent=16078"}],"wp:term":[{"taxonomy":"category","embeddable":true,"href":"https:\/\/www.europesays.com\/africa\/wp-json\/wp\/v2\/categories?post=16078"},{"taxonomy":"post_tag","embeddable":true,"href":"https:\/\/www.europesays.com\/africa\/wp-json\/wp\/v2\/tags?post=16078"}],"curies":[{"name":"wp","href":"https:\/\/api.w.org\/{rel}","templated":true}]}}