{"id":16085,"date":"2026-01-10T23:13:06","date_gmt":"2026-01-10T23:13:06","guid":{"rendered":"https:\/\/www.europesays.com\/africa\/16085\/"},"modified":"2026-01-10T23:13:06","modified_gmt":"2026-01-10T23:13:06","slug":"le-rni-reaffirme-sa-ligne-reformatrice-lors-de-son-conseil-national","status":"publish","type":"post","link":"https:\/\/www.europesays.com\/africa\/16085\/","title":{"rendered":"Le RNI r\u00e9affirme sa ligne r\u00e9formatrice lors de son Conseil national"},"content":{"rendered":"<p>\t\t\t\t\t<img decoding=\"async\" width=\"900\" height=\"635\" src=\"https:\/\/www.europesays.com\/africa\/wp-content\/uploads\/2026\/01\/G-VGuUbaYAAzcqn-900x635.jpg\" class=\"attachment-tumbnail-medium size-tumbnail-medium wp-post-image\" alt=\"Le Conseil national du RNI.\" loading=\"lazy\"  \/>\t\t\t\t\t<\/p>\n<p>Le Conseil national du RNI. Cr\u00e9dit : RNI<\/p>\n<p>R\u00e9uni samedi \u00e0 Rabat, le Rassemblement national des ind\u00e9pendants a tenu la session ordinaire de son Conseil national, une \u00e9tape organisationnelle et politique inscrite dans le calendrier statutaire du parti.<\/p>\n<p>\u00c0 cette occasion, son pr\u00e9sident Aziz Akhannouch a soulign\u00e9 que cette session traduit la volont\u00e9 du RNI de consolider une m\u00e9diation partisane responsable, dans un contexte o\u00f9 le Maroc conna\u00eet des transformations structurelles et une confiance accrue dans l\u2019avenir. Il a estim\u00e9 que l\u2019organisation de la CAN 2025 et les pr\u00e9paratifs de la Coupe du monde 2030 consacrent une nouvelle g\u00e9n\u00e9ration de r\u00e9formes, agissant comme catalyseur d\u2019investissements dans les infrastructures, l\u2019emploi, le tourisme et la connectivit\u00e9 logistique, et renfor\u00e7ant la position du Royaume comme puissance \u00e9mergente en Afrique.<\/p>\n<p>Le pr\u00e9sident du parti est revenu sur les principaux enjeux politiques, \u00e9conomiques et sociaux, tout en rappelant que le d\u00e9veloppement ne se limite pas \u00e0 des indicateurs chiffr\u00e9s mais repose sur une culture citoyenne et la centralit\u00e9 de l\u2019\u00eatre humain dans les politiques publiques. Il a \u00e9galement pr\u00e9sent\u00e9 le bilan 2025 de l\u2019action du parti et du gouvernement, r\u00e9affirmant l\u2019adh\u00e9sion constante du RNI aux chantiers de r\u00e9forme conduits sous l\u2019impulsion de Mohammed\u00a0VI.<\/p>\n<p>Le Conseil national a approuv\u00e9 les comptes de l\u2019exercice 2025 et le budget 2026, saluant le leadership royal et la diplomatie du Royaume, notamment apr\u00e8s l\u2019adoption de la r\u00e9solution 2797 du Conseil de s\u00e9curit\u00e9 des Nations unies en soutien \u00e0 l\u2019initiative marocaine d\u2019autonomie pour le Sahara. Il a aussi mis en avant les avanc\u00e9es du programme gouvernemental, l\u2019efficacit\u00e9 des mesures li\u00e9es \u00e0 la gestion de l\u2019eau et l\u2019attachement aux orientations royales en mati\u00e8re d\u2019\u00c9tat social, de coh\u00e9sion institutionnelle et de d\u00e9veloppement territorial \u00e9quilibr\u00e9.<\/p>\n<p style=\"margin-top:20px; font-style: italic; font-size:15px;\">\u00a9\ufe0f Copyright Pulse Media. Tous droits r\u00e9serv\u00e9s. <br \/>Reproduction et diffusions interdites (photocopies, intranet, web, messageries, newsletters, outils de veille) sans autorisation \u00e9crite.<\/p>\n","protected":false},"excerpt":{"rendered":"Le Conseil national du RNI. Cr\u00e9dit : RNI R\u00e9uni samedi \u00e0 Rabat, le Rassemblement national des ind\u00e9pendants a&hellip;\n","protected":false},"author":2,"featured_media":16086,"comment_status":"","ping_status":"","sticky":false,"template":"","format":"standard","meta":{"footnotes":""},"categories":[41],"tags":[158],"class_list":{"0":"post-16085","1":"post","2":"type-post","3":"status-publish","4":"format-standard","5":"has-post-thumbnail","7":"category-maroc","8":"tag-maroc"},"share_on_mastodon":{"url":"","error":""},"_links":{"self":[{"href":"https:\/\/www.europesays.com\/africa\/wp-json\/wp\/v2\/posts\/16085","targetHints":{"allow":["GET"]}}],"collection":[{"href":"https:\/\/www.europesays.com\/africa\/wp-json\/wp\/v2\/posts"}],"about":[{"href":"https:\/\/www.europesays.com\/africa\/wp-json\/wp\/v2\/types\/post"}],"author":[{"embeddable":true,"href":"https:\/\/www.europesays.com\/africa\/wp-json\/wp\/v2\/users\/2"}],"replies":[{"embeddable":true,"href":"https:\/\/www.europesays.com\/africa\/wp-json\/wp\/v2\/comments?post=16085"}],"version-history":[{"count":0,"href":"https:\/\/www.europesays.com\/africa\/wp-json\/wp\/v2\/posts\/16085\/revisions"}],"wp:featuredmedia":[{"embeddable":true,"href":"https:\/\/www.europesays.com\/africa\/wp-json\/wp\/v2\/media\/16086"}],"wp:attachment":[{"href":"https:\/\/www.europesays.com\/africa\/wp-json\/wp\/v2\/media?parent=16085"}],"wp:term":[{"taxonomy":"category","embeddable":true,"href":"https:\/\/www.europesays.com\/africa\/wp-json\/wp\/v2\/categories?post=16085"},{"taxonomy":"post_tag","embeddable":true,"href":"https:\/\/www.europesays.com\/africa\/wp-json\/wp\/v2\/tags?post=16085"}],"curies":[{"name":"wp","href":"https:\/\/api.w.org\/{rel}","templated":true}]}}