{"id":161,"date":"2026-01-03T11:47:11","date_gmt":"2026-01-03T11:47:11","guid":{"rendered":"https:\/\/www.europesays.com\/africa\/161\/"},"modified":"2026-01-03T11:47:11","modified_gmt":"2026-01-03T11:47:11","slug":"les-huitiemes-demarrent-fort-avec-senegal-soudan-et-tunisie-mali","status":"publish","type":"post","link":"https:\/\/www.europesays.com\/africa\/161\/","title":{"rendered":"Les huiti\u00e8mes d\u00e9marrent fort avec S\u00e9n\u00e9gal-Soudan et Tunisie-Mali"},"content":{"rendered":"<p>Apr\u00e8s deux jours de tr\u00eave, la Coupe d\u2019Afrique des Nations 2025 reprend avec les huiti\u00e8mes de finale. Deux rencontres sont au programme ce samedi : S\u00e9n\u00e9gal-Soudan et Tunisie-Mali.<\/p>\n<p>Le Soudan s\u2019est qualifi\u00e9 en terminant troisi\u00e8me du groupe E, tandis que le S\u00e9n\u00e9gal a presque assur\u00e9 sa place lors des trois matches pr\u00e9c\u00e9dents.<\/p>\n<p>\u00c0 Casablanca, le Mali, deuxi\u00e8me du groupe A, mise sur sa rigueur d\u00e9fensive malgr\u00e9 l\u2019absence d\u2019Amadou Haidara, suspendu. La Tunisie, \u00e9galement deuxi\u00e8me derri\u00e8re un Nigeria dominateur, a montr\u00e9 certaines limites offensives lors d\u2019une qualification acquise dans la douleur.<\/p>\n","protected":false},"excerpt":{"rendered":"Apr\u00e8s deux jours de tr\u00eave, la Coupe d\u2019Afrique des Nations 2025 reprend avec les huiti\u00e8mes de finale. Deux&hellip;\n","protected":false},"author":2,"featured_media":162,"comment_status":"","ping_status":"","sticky":false,"template":"","format":"standard","meta":{"footnotes":""},"categories":[48],"tags":[179,159,180,181],"class_list":{"0":"post-161","1":"post","2":"type-post","3":"status-publish","4":"format-standard","5":"has-post-thumbnail","7":"category-senegal","8":"tag-can-2025","9":"tag-senegal","10":"tag-senegal-soudan","11":"tag-tunisie-mali"},"share_on_mastodon":{"url":"","error":""},"_links":{"self":[{"href":"https:\/\/www.europesays.com\/africa\/wp-json\/wp\/v2\/posts\/161","targetHints":{"allow":["GET"]}}],"collection":[{"href":"https:\/\/www.europesays.com\/africa\/wp-json\/wp\/v2\/posts"}],"about":[{"href":"https:\/\/www.europesays.com\/africa\/wp-json\/wp\/v2\/types\/post"}],"author":[{"embeddable":true,"href":"https:\/\/www.europesays.com\/africa\/wp-json\/wp\/v2\/users\/2"}],"replies":[{"embeddable":true,"href":"https:\/\/www.europesays.com\/africa\/wp-json\/wp\/v2\/comments?post=161"}],"version-history":[{"count":0,"href":"https:\/\/www.europesays.com\/africa\/wp-json\/wp\/v2\/posts\/161\/revisions"}],"wp:featuredmedia":[{"embeddable":true,"href":"https:\/\/www.europesays.com\/africa\/wp-json\/wp\/v2\/media\/162"}],"wp:attachment":[{"href":"https:\/\/www.europesays.com\/africa\/wp-json\/wp\/v2\/media?parent=161"}],"wp:term":[{"taxonomy":"category","embeddable":true,"href":"https:\/\/www.europesays.com\/africa\/wp-json\/wp\/v2\/categories?post=161"},{"taxonomy":"post_tag","embeddable":true,"href":"https:\/\/www.europesays.com\/africa\/wp-json\/wp\/v2\/tags?post=161"}],"curies":[{"name":"wp","href":"https:\/\/api.w.org\/{rel}","templated":true}]}}