{"id":16104,"date":"2026-01-10T23:25:24","date_gmt":"2026-01-10T23:25:24","guid":{"rendered":"https:\/\/www.europesays.com\/africa\/16104\/"},"modified":"2026-01-10T23:25:24","modified_gmt":"2026-01-10T23:25:24","slug":"can-cette-statistique-foudroyante-de-lalgerie-face-au-nigeria","status":"publish","type":"post","link":"https:\/\/www.europesays.com\/africa\/16104\/","title":{"rendered":"CAN | Cette statistique foudroyante de l&#8217;Alg\u00e9rie face au Nigeria"},"content":{"rendered":"<p><a href=\"https:\/\/shop.fflose.com\/?utm_source=fflose.com&amp;utm_medium=articles&amp;utm_campaign=banner_nouveau_shop\" target=\"_blank\" rel=\"nofollow noopener\"><br \/>\n  <img decoding=\"async\" src=\"https:\/\/www.europesays.com\/africa\/wp-content\/uploads\/2026\/01\/55b7e63f-banniere-nouveau-shop-ffl.png\"\/><br \/>\n<\/a><\/p>\n<p>C\u2019\u00e9tait l\u2019un des matchs les plus attendus de ces quarts de finale \u00e0 la CAN. Comme nous pouvions l\u2019imaginer, les Alg\u00e9riens ont r\u00e9pondu pr\u00e9sents face au Nigeria. Enfin, \u00e0 leur mani\u00e8re.<\/p>\n<p>L\u2019Alg\u00e9rie emp\u00eache le Nigeria de s\u2019incliner \u00e0 la CAN<\/p>\n<p>Oppos\u00e9s au Nigeria en quarts de finale de la CAN, les Alg\u00e9riens avaient pour objectif de rejoindre le Maroc en demies pour un duel attendu par les deux peuples. Mais c\u2019\u00e9tait sans compter sur la strat\u00e9gie des joueurs de Vladimir Petkovic, qui ont tout simplement d\u00e9cid\u00e9 de ne pas tirer une seule fois durant toute la premi\u00e8re p\u00e9riode. Comment ne pas valider cette tactique imparable ?<\/p>\n<p dir=\"ltr\" lang=\"fr\">Les stats \u00e0 la mi-temps d\u2019Alg\u00e9rie \ud83c\udde9\ud83c\uddff \u2013 \ud83c\uddf3\ud83c\uddec Nig\u00e9ria.<\/p>\n<p>0.00 xG pour les Verts. <a href=\"https:\/\/t.co\/PwY8nDq5sO\" rel=\"nofollow\">pic.twitter.com\/PwY8nDq5sO<\/a><\/p>\n<p>\u2014 Actu Foot (@ActuFoot_) <a href=\"https:\/\/twitter.com\/ActuFoot_\/status\/2010033341677089235?ref_src=twsrc%5Etfw\" rel=\"nofollow noopener\" target=\"_blank\">January 10, 2026<\/a><\/p>\n<p>  Pas encore inscrit \u00e0 la Loseletter ?<\/p>\n<p style=\"margin:0 0 15px;font-size:15px;line-height:1.4;\">\n    Chaque vendredi, ton best-of de la semaine \ud83c\uddeb\ud83c\uddf7 \ud83d\uddde\n  <\/p>\n<p>Mieux encore, les Alg\u00e9riens n\u2019ont pas tir\u00e9 une seule fois durant les 83 premi\u00e8res minutes, et n\u2019ont pas cadr\u00e9 un seul tir sur l\u2019ensemble de la rencontre. En m\u00eame temps, tu ne peux pas marquer si tu ne tires pas au but, devait se dire Vladimir Petkovic. Dis-moi que tu as entra\u00een\u00e9 en Ligue 1 sans me le dire.<\/p>\n<p dir=\"ltr\" lang=\"fr\">\ud83d\udea8\ud835\udde2\ud835\uddd9\ud835\uddd9\ud835\udddc\ud835\uddd6\ud835\udddc\ud835\uddd8\ud835\udddf ! \ud835\udddf\u2019\ud835\uddd4\ud835\udddf\ud835\uddda\ud835\uddd8\u0301\ud835\udde5\ud835\udddc\ud835\uddd8 \ud835\uddd8\ud835\udde6\ud835\udde7 \ud835\uddd8\u0301\ud835\udddf\ud835\udddc\ud835\udde0\ud835\udddc\ud835\udde1\ud835\uddd8\u0301\ud835\uddd8 \ud835\uddd7\ud835\uddd8 \ud835\udddf\ud835\uddd4 \ud835\uddd6\ud835\uddd4\ud835\udde1 \ud835\udfee\ud835\udfec\ud835\udfee\ud835\udff1 ! \ud83c\udde9\ud83c\uddff\ud83d\udc4b\ud83c\udffd<\/p>\n<p>Les Fennecs s\u2019arr\u00eatent en quarts de finale apr\u00e8s leur d\u00e9faite face aux Super Eagles (0-2). <a href=\"https:\/\/t.co\/qLlMcw6XiA\" rel=\"nofollow\">pic.twitter.com\/qLlMcw6XiA<\/a><\/p>\n<p>\u2014 Instant Foot \u26bd\ufe0f (@lnstantFoot) <a href=\"https:\/\/twitter.com\/lnstantFoot\/status\/2010049130459214035?ref_src=twsrc%5Etfw\" rel=\"nofollow noopener\" target=\"_blank\">January 10, 2026<\/a><\/p>\n<p>                         <a href=\"https:\/\/fflose.com\/author\/tomgaleron\/\" class=\"url\" title=\"Tom\" rel=\"nofollow noopener\" target=\"_blank\"> <img loading=\"lazy\" decoding=\"async\" alt=\"Tom\" src=\"https:\/\/www.europesays.com\/africa\/wp-content\/uploads\/2026\/01\/fa539669b9b6c266044bdafc0534c1c7e71784259f6e9e9e6fab2d5d73302c49.png\"  class=\"avatar avatar-250 photo\" height=\"250\" width=\"250\"\/><\/a> <\/p>\n<p>Natif de Marseille, autant vous dire qu&#8217;il est pr\u00e9f\u00e9rable de ne pas me parler de football en ce moment. Merci pour votre compr\u00e9hension.<\/p>\n<p> <a href=\"https:\/\/fflose.com\/author\/tomgaleron\/\" class=\"url\" title=\"Tom\" rel=\"nofollow noopener\" target=\"_blank\"><img loading=\"lazy\" decoding=\"async\" alt=\"Tom\" src=\"https:\/\/www.europesays.com\/africa\/wp-content\/uploads\/2026\/01\/fa539669b9b6c266044bdafc0534c1c7e71784259f6e9e9e6fab2d5d73302c49.png\"  class=\"avatar avatar-250 photo\" height=\"250\" width=\"250\"\/><\/a><br \/>\n<a href=\"https:\/\/shop.fflose.com\/?utm_source=fflose.com&amp;utm_medium=articles&amp;utm_campaign=banner_nouveau_shop\" target=\"_blank\" rel=\"nofollow noopener\"><br \/>\n  <img decoding=\"async\" src=\"https:\/\/www.europesays.com\/africa\/wp-content\/uploads\/2026\/01\/55b7e63f-banniere-nouveau-shop-ffl.png\"\/><br \/>\n<\/a><\/p>\n<p><script async src=\"https:\/\/platform.twitter.com\/widgets.js\" charset=\"utf-8\"><\/script><\/p>\n","protected":false},"excerpt":{"rendered":"C\u2019\u00e9tait l\u2019un des matchs les plus attendus de ces quarts de finale \u00e0 la CAN. Comme nous pouvions&hellip;\n","protected":false},"author":2,"featured_media":16105,"comment_status":"","ping_status":"","sticky":false,"template":"","format":"standard","meta":{"footnotes":""},"categories":[254],"tags":[255],"class_list":{"0":"post-16104","1":"post","2":"type-post","3":"status-publish","4":"format-standard","5":"has-post-thumbnail","7":"category-algerie","8":"tag-algerie"},"share_on_mastodon":{"url":"","error":""},"_links":{"self":[{"href":"https:\/\/www.europesays.com\/africa\/wp-json\/wp\/v2\/posts\/16104","targetHints":{"allow":["GET"]}}],"collection":[{"href":"https:\/\/www.europesays.com\/africa\/wp-json\/wp\/v2\/posts"}],"about":[{"href":"https:\/\/www.europesays.com\/africa\/wp-json\/wp\/v2\/types\/post"}],"author":[{"embeddable":true,"href":"https:\/\/www.europesays.com\/africa\/wp-json\/wp\/v2\/users\/2"}],"replies":[{"embeddable":true,"href":"https:\/\/www.europesays.com\/africa\/wp-json\/wp\/v2\/comments?post=16104"}],"version-history":[{"count":0,"href":"https:\/\/www.europesays.com\/africa\/wp-json\/wp\/v2\/posts\/16104\/revisions"}],"wp:featuredmedia":[{"embeddable":true,"href":"https:\/\/www.europesays.com\/africa\/wp-json\/wp\/v2\/media\/16105"}],"wp:attachment":[{"href":"https:\/\/www.europesays.com\/africa\/wp-json\/wp\/v2\/media?parent=16104"}],"wp:term":[{"taxonomy":"category","embeddable":true,"href":"https:\/\/www.europesays.com\/africa\/wp-json\/wp\/v2\/categories?post=16104"},{"taxonomy":"post_tag","embeddable":true,"href":"https:\/\/www.europesays.com\/africa\/wp-json\/wp\/v2\/tags?post=16104"}],"curies":[{"name":"wp","href":"https:\/\/api.w.org\/{rel}","templated":true}]}}