{"id":16130,"date":"2026-01-10T23:42:07","date_gmt":"2026-01-10T23:42:07","guid":{"rendered":"https:\/\/www.europesays.com\/africa\/16130\/"},"modified":"2026-01-10T23:42:07","modified_gmt":"2026-01-10T23:42:07","slug":"une-etude-alerte-sur-les-dechets-polluants-issus-de-la-compagnie-miniere-de-touissit","status":"publish","type":"post","link":"https:\/\/www.europesays.com\/africa\/16130\/","title":{"rendered":"Une \u00e9tude alerte sur les d\u00e9chets polluants issus de la Compagnie mini\u00e8re de Touissit"},"content":{"rendered":"<p>Dans le centre minier de Tighza, exploit\u00e9 par la Compagnie mini\u00e8re de Touissit (CMT). Cr\u00e9dit\u00a0:\u00a0ASDR<\/p>\n<p>Une \u00e9tude scientifique documente la forte contamination au plomb des d\u00e9chets issus de l\u2019exploitation mini\u00e8re historique de la Compagnie Mini\u00e8re de Touissit (CMT), r\u00e9v\u00e9lant un passif environnemental persistant dans le nord-est du Maroc<\/p>\n<p>Une \u00e9tude scientifique publi\u00e9e sur Springer Nature met en lumi\u00e8re l\u2019empreinte environnementale laiss\u00e9e par des d\u00e9cennies d\u2019exploitation mini\u00e8re dans le district de Touissit-Boubker, dans le nord-est du Maroc. Les travaux portent sur les d\u00e9chets issus du retraitement industriel d\u2019anciennes haldes plombif\u00e8res, mat\u00e9riaux directement h\u00e9rit\u00e9s de l\u2019activit\u00e9 historique de la Compagnie Mini\u00e8re de Touissit (CMT), exploitant majeur du site jusqu\u2019\u00e0 l\u2019arr\u00eat des extractions au d\u00e9but des ann\u00e9es 2000.<\/p>\n<p>\t    <img decoding=\"async\" class=\"img-locker\" src=\"https:\/\/www.europesays.com\/africa\/wp-content\/uploads\/2026\/01\/locker.png\"\/><\/p>\n<p>Abonnez-vous pour continuer la lecture <\/p>\n<p>\u00e0 partir de 40 dh par mois<\/p>\n<p style=\"font-size: 15px;margin: 0;padding: 0;line-height: 25px;\">(factur\u00e9 annuellement)<\/p>\n<p>\t        <a class=\"inscription-btn-single-post\" href=\"https:\/\/ledesk.ma\/abonnements\/\" rel=\"nofollow noopener\" target=\"_blank\">Choisir une offre<\/a><\/p>\n<p>\t\t            Le Desk a \u00e9t\u00e9 le premier \u00e0 r\u00e9v\u00e9ler<\/p>\n<p>\t\t\t\t        <img decoding=\"async\" src=\"http:\/\/ledesk.ma\/wp-content\/themes\/ledesk\/images\/arrow-left.svg\"\/><br \/>\n\t\t\t\t        <img decoding=\"async\" src=\"http:\/\/ledesk.ma\/wp-content\/themes\/ledesk\/images\/arrow-right.svg\"\/><\/p>\n<p style=\"margin-top:20px; font-style: italic; font-size:15px;\">\u00a9\ufe0f Copyright Pulse Media. Tous droits r\u00e9serv\u00e9s. <br \/>Reproduction et diffusions interdites (photocopies, intranet, web, messageries, newsletters, outils de veille) sans autorisation \u00e9crite.<\/p>\n","protected":false},"excerpt":{"rendered":"Dans le centre minier de Tighza, exploit\u00e9 par la Compagnie mini\u00e8re de Touissit (CMT). Cr\u00e9dit\u00a0:\u00a0ASDR Une \u00e9tude scientifique&hellip;\n","protected":false},"author":2,"featured_media":16131,"comment_status":"","ping_status":"","sticky":false,"template":"","format":"standard","meta":{"footnotes":""},"categories":[41],"tags":[158],"class_list":{"0":"post-16130","1":"post","2":"type-post","3":"status-publish","4":"format-standard","5":"has-post-thumbnail","7":"category-maroc","8":"tag-maroc"},"share_on_mastodon":{"url":"","error":""},"_links":{"self":[{"href":"https:\/\/www.europesays.com\/africa\/wp-json\/wp\/v2\/posts\/16130","targetHints":{"allow":["GET"]}}],"collection":[{"href":"https:\/\/www.europesays.com\/africa\/wp-json\/wp\/v2\/posts"}],"about":[{"href":"https:\/\/www.europesays.com\/africa\/wp-json\/wp\/v2\/types\/post"}],"author":[{"embeddable":true,"href":"https:\/\/www.europesays.com\/africa\/wp-json\/wp\/v2\/users\/2"}],"replies":[{"embeddable":true,"href":"https:\/\/www.europesays.com\/africa\/wp-json\/wp\/v2\/comments?post=16130"}],"version-history":[{"count":0,"href":"https:\/\/www.europesays.com\/africa\/wp-json\/wp\/v2\/posts\/16130\/revisions"}],"wp:featuredmedia":[{"embeddable":true,"href":"https:\/\/www.europesays.com\/africa\/wp-json\/wp\/v2\/media\/16131"}],"wp:attachment":[{"href":"https:\/\/www.europesays.com\/africa\/wp-json\/wp\/v2\/media?parent=16130"}],"wp:term":[{"taxonomy":"category","embeddable":true,"href":"https:\/\/www.europesays.com\/africa\/wp-json\/wp\/v2\/categories?post=16130"},{"taxonomy":"post_tag","embeddable":true,"href":"https:\/\/www.europesays.com\/africa\/wp-json\/wp\/v2\/tags?post=16130"}],"curies":[{"name":"wp","href":"https:\/\/api.w.org\/{rel}","templated":true}]}}