{"id":16147,"date":"2026-01-10T23:54:23","date_gmt":"2026-01-10T23:54:23","guid":{"rendered":"https:\/\/www.europesays.com\/africa\/16147\/"},"modified":"2026-01-10T23:54:23","modified_gmt":"2026-01-10T23:54:23","slug":"algerie-nigeria-0-2-le-penalty-non-siffle-pour-les-fennecs-sur-une-main-dajayi-va-faire-polemique","status":"publish","type":"post","link":"https:\/\/www.europesays.com\/africa\/16147\/","title":{"rendered":"Alg\u00e9rie-Nig\u00e9ria (0-2) : le penalty non siffl\u00e9 pour les Fennecs sur une main d\u2019Ajayi va faire pol\u00e9mique"},"content":{"rendered":"<p class=\"paragraph text_align_left lp-f-body-02\">M\u00eame s\u2019il n\u2019y a pas eu photo entre l\u2019<a href=\"https:\/\/www.leparisien.fr\/sports\/football\/algerie\/\" target=\"_self\" rel=\"nofollow noopener\">Alg\u00e9rie<\/a> et le Nigeria tant les co\u00e9quipiers de Victor Osimhen semblaient sup\u00e9rieurs physiquement et dans le jeu, une pol\u00e9mique arbitrale a quand m\u00eame \u00e9clat\u00e9 lors du quart de finale de la <a href=\"https:\/\/www.leparisien.fr\/sports\/football\/coupe-d-afrique-des-nations\/\" target=\"_self\" rel=\"nofollow noopener\">CAN<\/a> ce samedi.<\/p>\n<p class=\"\">Alors que les Fennecs \u00e9taient \u00e0 l\u2019attaque \u00e0 la 12e minute de jeu sur le c\u00f4t\u00e9 droit, Far\u00e8s Cha\u00efbi a d\u00e9doubl\u00e9 tr\u00e8s justement avant de tenter un centre qui a \u00e9t\u00e9 d\u00e9tourn\u00e9 par la main de Junior Ajayi dans sa surface.<\/p>\n<p class=\"\">M\u00eame si le bras du Nig\u00e9rian semblait d\u00e9coll\u00e9e du corps, <a href=\"https:\/\/www.leparisien.fr\/sports\/football\/coupe-d-afrique-des-nations\/algerie-nigeria-qui-est-issa-sy-larbitre-du-quart-de-finale-de-la-can-2025-09-01-2026-VIN33QIJEVGZNLYKK7VKSK5QLM.php\" target=\"_self\" rel=\"nofollow noopener\">l\u2018arbitre de la rencontre le S\u00e9n\u00e9galais Issa Sy<\/a> n\u2019a pas siffl\u00e9 et n\u2019a m\u00eame pas \u00e9t\u00e9 appel\u00e9 par la VAR.<\/p>\n<p class=\"\">Une situation qui va forc\u00e9ment faire parler et qui aurait pu changer le visage de la rencontre, m\u00eame si l\u2019Alg\u00e9rie s\u2019est finalement inclin\u00e9e logiquement (sur des buts de Victor Osimhen et Akor Adams. Les Alg\u00e9riens n\u2019ont cadr\u00e9 aucun de leur trois tirs au cours de la partie et leur prestation collective s\u2019est r\u00e9v\u00e9l\u00e9e assez pauvre. <\/p>\n<p class=\"\">A noter que le vainqueur de cette rencontre retrouvera le Maroc, <a href=\"https:\/\/www.leparisien.fr\/sports\/football\/coupe-d-afrique-des-nations\/maroc-cameroun-2-0-au-rendez-vous-de-leur-can-les-marocains-montent-en-puissance-et-sont-en-demi-finales-09-01-2026-DQHXW265DRHSVDAZBTEN26OGYI.php\" target=\"_self\" rel=\"nofollow noopener\">qui s\u2019est d\u00e9fait du Cameroun la veille<\/a> en montrant un visage tr\u00e8s convaincant (2-0), en demi-finales.<\/p>\n","protected":false},"excerpt":{"rendered":"M\u00eame s\u2019il n\u2019y a pas eu photo entre l\u2019Alg\u00e9rie et le Nigeria tant les co\u00e9quipiers de Victor Osimhen&hellip;\n","protected":false},"author":2,"featured_media":16148,"comment_status":"","ping_status":"","sticky":false,"template":"","format":"standard","meta":{"footnotes":""},"categories":[254],"tags":[255,360,311,264],"class_list":{"0":"post-16147","1":"post","2":"type-post","3":"status-publish","4":"format-standard","5":"has-post-thumbnail","7":"category-algerie","8":"tag-algerie","9":"tag-can","10":"tag-football","11":"tag-sports"},"share_on_mastodon":{"url":"","error":""},"_links":{"self":[{"href":"https:\/\/www.europesays.com\/africa\/wp-json\/wp\/v2\/posts\/16147","targetHints":{"allow":["GET"]}}],"collection":[{"href":"https:\/\/www.europesays.com\/africa\/wp-json\/wp\/v2\/posts"}],"about":[{"href":"https:\/\/www.europesays.com\/africa\/wp-json\/wp\/v2\/types\/post"}],"author":[{"embeddable":true,"href":"https:\/\/www.europesays.com\/africa\/wp-json\/wp\/v2\/users\/2"}],"replies":[{"embeddable":true,"href":"https:\/\/www.europesays.com\/africa\/wp-json\/wp\/v2\/comments?post=16147"}],"version-history":[{"count":0,"href":"https:\/\/www.europesays.com\/africa\/wp-json\/wp\/v2\/posts\/16147\/revisions"}],"wp:featuredmedia":[{"embeddable":true,"href":"https:\/\/www.europesays.com\/africa\/wp-json\/wp\/v2\/media\/16148"}],"wp:attachment":[{"href":"https:\/\/www.europesays.com\/africa\/wp-json\/wp\/v2\/media?parent=16147"}],"wp:term":[{"taxonomy":"category","embeddable":true,"href":"https:\/\/www.europesays.com\/africa\/wp-json\/wp\/v2\/categories?post=16147"},{"taxonomy":"post_tag","embeddable":true,"href":"https:\/\/www.europesays.com\/africa\/wp-json\/wp\/v2\/tags?post=16147"}],"curies":[{"name":"wp","href":"https:\/\/api.w.org\/{rel}","templated":true}]}}