{"id":16151,"date":"2026-01-10T23:56:09","date_gmt":"2026-01-10T23:56:09","guid":{"rendered":"https:\/\/www.europesays.com\/africa\/16151\/"},"modified":"2026-01-10T23:56:09","modified_gmt":"2026-01-10T23:56:09","slug":"le-courrier-de-samuel-etoo-envers-le-maroc","status":"publish","type":"post","link":"https:\/\/www.europesays.com\/africa\/16151\/","title":{"rendered":"le courrier de Samuel Eto\u2019o envers le Maroc"},"content":{"rendered":"<p><a href=\"https:\/\/www.footmercato.net\/a2954091882453430043-can-2025-dans-une-ambiance-folle-le-maroc-asphyxie-le-cameroun-et-file-en-demi-finale\" rel=\"nofollow noopener\" target=\"_blank\">D\u00e9fait par le Maroc en quart de finale de la Coupe d\u2019Afrique des Nations <\/a>(0-2), le <a href=\"https:\/\/www.footmercato.net\/selection\/cameroun\/\" rel=\"nofollow noopener\" target=\"_blank\">Cameroun<\/a> a d\u00fb rentrer \u00e0 la maison plus vite que pr\u00e9vu. Par ailleurs, la rencontre n\u2019a pas laiss\u00e9 tout le monde indiff\u00e9rent. Cela notamment gr\u00e2ce \u00e0 la bienveillance de Samuel Eto\u2019o, patron de la F\u00e9d\u00e9ration camerounaise, qui a voulu adresser une lettre de remerciement au pr\u00e9sident de la f\u00e9d\u00e9ration marocaine de football. Le courrier, assez long, para\u00eet touchant et fait preuve de respect envers le pays h\u00f4te. Voici ce qu\u2019il y est \u00e9crit \u00e0 l\u2019int\u00e9rieur. <\/p>\n<p>            La suite apr\u00e8s cette publicit\u00e9<\/p>\n<p>\u00ab Monsieur le Pr\u00e9sident, La participation des Lions Indomptables du Cameroun a cette Coupe d\u2019Afrique des Nations s\u2019est achev\u00e9e \u00e0 l\u2019issue du quart de finale dispute le vendredi 9 janvier 2026 au stade Moulay Abdellah de Rabat. Rencontre remport\u00e9e par la s\u00e9lection marocaine.<br \/>Au nom de la d\u00e9l\u00e9gation camerounaise et des supporters camerounais, je tiens \u00e0 vous adresser nos salutations respectueuses et nos f\u00e9licitations sportives, dans un esprit de fair-play et de consid\u00e9ration mutuelle Avant qu\u2019il ajoute de mani\u00e8re assum\u00e9e un propos sur le d\u00e9roulement du tournoi : \u00ab Nous souhaitons \u00e9galement exprimer notre profonde reconnaissance pour la qualit\u00e9 exemplaire de l\u2019organisation de cette comp\u00e9tition, ainsi que pour l\u2019accueil fraternel, chaleureux et bienveillant r\u00e9serve \u00e0 notre \u00e9quipe, a notre d\u00e9l\u00e9gation et a nos supporters par le peuple marocain. Les marques d\u2019hospitalit\u00e9 observ\u00e9es dans l\u2019ensemble des lieux fr\u00e9quent\u00e9s t\u00e9moignent du travail pr\u00e9paratoire remarquable, conduit par la Federation Royale Marocaine de Football. Nous souhaitons bonne chance aux Lions de l\u2019Atlas pour la suite de la comp\u00e9tition. En vous remerciant, une nouvelle fois, pour la solidit\u00e9 de nos liens fraternels. Je vous prie d\u2019agr\u00e9er, Monsieur le Pr\u00e9sident, l\u2019expression de la consid\u00e9ration apais\u00e9e et respectueuse de la Federation Camerounaise de Football \u00bb.<\/p>\n<p>\n    Pub. le 10\/01\/2026 22:44<br \/>\n            &#8211; MAJ le 11\/01\/2026 00:53\n    <\/p>\n","protected":false},"excerpt":{"rendered":"D\u00e9fait par le Maroc en quart de finale de la Coupe d\u2019Afrique des Nations (0-2), le Cameroun a&hellip;\n","protected":false},"author":2,"featured_media":3355,"comment_status":"","ping_status":"","sticky":false,"template":"","format":"standard","meta":{"footnotes":""},"categories":[41],"tags":[158],"class_list":{"0":"post-16151","1":"post","2":"type-post","3":"status-publish","4":"format-standard","5":"has-post-thumbnail","7":"category-maroc","8":"tag-maroc"},"share_on_mastodon":{"url":"","error":""},"_links":{"self":[{"href":"https:\/\/www.europesays.com\/africa\/wp-json\/wp\/v2\/posts\/16151","targetHints":{"allow":["GET"]}}],"collection":[{"href":"https:\/\/www.europesays.com\/africa\/wp-json\/wp\/v2\/posts"}],"about":[{"href":"https:\/\/www.europesays.com\/africa\/wp-json\/wp\/v2\/types\/post"}],"author":[{"embeddable":true,"href":"https:\/\/www.europesays.com\/africa\/wp-json\/wp\/v2\/users\/2"}],"replies":[{"embeddable":true,"href":"https:\/\/www.europesays.com\/africa\/wp-json\/wp\/v2\/comments?post=16151"}],"version-history":[{"count":0,"href":"https:\/\/www.europesays.com\/africa\/wp-json\/wp\/v2\/posts\/16151\/revisions"}],"wp:featuredmedia":[{"embeddable":true,"href":"https:\/\/www.europesays.com\/africa\/wp-json\/wp\/v2\/media\/3355"}],"wp:attachment":[{"href":"https:\/\/www.europesays.com\/africa\/wp-json\/wp\/v2\/media?parent=16151"}],"wp:term":[{"taxonomy":"category","embeddable":true,"href":"https:\/\/www.europesays.com\/africa\/wp-json\/wp\/v2\/categories?post=16151"},{"taxonomy":"post_tag","embeddable":true,"href":"https:\/\/www.europesays.com\/africa\/wp-json\/wp\/v2\/tags?post=16151"}],"curies":[{"name":"wp","href":"https:\/\/api.w.org\/{rel}","templated":true}]}}