{"id":1620,"date":"2026-01-04T01:20:43","date_gmt":"2026-01-04T01:20:43","guid":{"rendered":"https:\/\/www.europesays.com\/africa\/1620\/"},"modified":"2026-01-04T01:20:43","modified_gmt":"2026-01-04T01:20:43","slug":"can-2025-lalgerie-recue-3-sur-3-ses-remplacants-etrillent-la-guinee-equatoriale","status":"publish","type":"post","link":"https:\/\/www.europesays.com\/africa\/1620\/","title":{"rendered":"CAN 2025 : l&#8217;Alg\u00e9rie re\u00e7ue 3 sur 3, ses rempla\u00e7ants \u00e9trillent la Guin\u00e9e \u00e9quatoriale"},"content":{"rendered":"<p>Invaincue, l&#8217;Alg\u00e9rie arrivera <a href=\"https:\/\/www.france24.com\/fr\/sports\/20251226-can-2025-programme-huitiemes-8es-finale\" target=\"_self\" rel=\"nofollow noopener\">en huiti\u00e8mes de finale<\/a> avec un statut : celui d&#8217;une \u00e9quipe qui est la seule, <a href=\"https:\/\/www.france24.com\/fr\/sports\/20251230-can-2025-nigeria-elimine-ouganda\" target=\"_self\" rel=\"nofollow noopener\">avec le Nigeria,<\/a> \u00e0 avoir remport\u00e9 ses trois matches de groupe dans cette CAN 2025, apr\u00e8s sa lourde <a href=\"https:\/\/www.france24.com\/fr\/sports\/20251231-can-2025-guinee-equatoriale-algerie-direct-honneur\" target=\"_self\" rel=\"nofollow noopener\">victoire contre la Guin\u00e9e \u00e9quatoriale (3-1).<\/a><\/p>\n<p><a href=\"https:\/\/www.france24.com\/fr\/sports\/20251230-equipes-qualifiees-huitiemes-can-2025\" target=\"_self\" rel=\"nofollow noopener\">D\u00e9j\u00e0 qualifi\u00e9<\/a> et assur\u00e9 de terminer premier <a href=\"https:\/\/www.france24.com\/fr\/dossier\/can\/phase-de-groupes\/\" target=\"_self\" rel=\"nofollow noopener\">du groupe E<\/a>, le s\u00e9lectionneur\u00a0Vladimir Petkovic avait le choix d&#8217;une grande rotation. Par rapport\u00a0\u00e0 l&#8217;\u00e9quipe align\u00e9e lors de la convaincante victoire contre le Burkina Faso (1-0 dimanche), seuls Ibrahim Maza et Rayan A\u00eft-Nouri conservent leur place. M\u00eame dans les buts, Luca Zidane est relay\u00e9 par Anthony Mandrea du Stade Malherbe de Caen.<\/p>\n<p> Des rempla\u00e7ants alg\u00e9riens aussi bons que les titulaires <\/p>\n<p>Un choix qui ne casse pas la dynamique conqu\u00e9rante des Fennecs. Face \u00e0 une tr\u00e8s faible Guin\u00e9e \u00e9quatoriale, les &#8220;coiffeurs&#8221; alg\u00e9riens se baladent, pouss\u00e9s par des supporters DZ venus en nombre et pour faire du bruit.<\/p>\n<p class=\"a-read-more\">\u00c0 lire aussi<a href=\"https:\/\/www.france24.com\/fr\/sports\/20251228-can-2025-khaya-supporters-algerie-savourent-maroc\" target=\"_self\" class=\"a-read-more__link\" rel=\"nofollow noopener\">CAN 2025 : &#8220;Vous les Alg\u00e9riens, vous \u00eates nos fr\u00e8res!&#8221;, des sc\u00e8nes de joie entre supporters \u00e0 Rabat<\/a><\/p>\n<p>Sur un corner d&#8217;Hadj Moussa, Bela\u00efd coupe au premier poteau et d\u00e9vie le ballon pour tromper une premi\u00e8re fois Owono (1-0, 19e). Puis, sur un service de Maza, Cha\u00efbi croch\u00e8te et trouve la lucarne (2-0, 25e).<\/p>\n<p>Le passeur se mue ensuite en buteur. Moussa envoie un centre pour la p\u00e9pite du\u00a0Bayer Leverkusen (3-0, 31e). &#8220;One ! Two ! Three ! Viva l&#8217;Alg\u00e9rie&#8221;, scande le stade Moulay El Hassan, en \u00e9bullition.<\/p>\n<p class=\"o-em-consent__content__text\">Pour afficher ce contenu X (Twitter), il est n\u00e9cessaire d&#8217;autoriser les cookies de mesure d&#8217;audience et de publicit\u00e9.<\/p>\n<p>        Accepter<br \/>\n        G\u00e9rer mes choix<\/p>\n<p>     Nsu\u00e9 a encore de beaux restes <\/p>\n<p>Apr\u00e8s la pause, l&#8217;\u00e9ternel Nsu\u00e9 tente bien de lancer la r\u00e9volte. D&#8217;une frappe qui rappelle que son talent n&#8217;a pas compl\u00e8tement disparu, il trouve la lucarne (3-1, 50e) et manque m\u00eame de doubler la mise dans la foul\u00e9e (52e). Une r\u00e9bellion vite \u00e9teinte (52e).<\/p>\n<p class=\"a-read-more\">\u00c0 lire aussi<a href=\"https:\/\/www.france24.com\/fr\/sports\/20251231-can-2025-rd-congo-huitiemes-algerie-armes-fiert\u00e9\" target=\"_self\" class=\"a-read-more__link\" rel=\"nofollow noopener\">&#8220;On y va avec nos armes et notre fiert\u00e9&#8221; : les Congolais n&#8217;ont pas peur de l&#8217;Alg\u00e9rie<\/a><\/p>\n<p>Les Fennecs signent leur premier 3\/3 en phase de groupe <a href=\"https:\/\/www.france24.com\/fr\/sports\/20250818-can-palmares-complet-vainqueurs-histoire\" target=\"_self\" rel=\"nofollow noopener\">depuis 1990, ann\u00e9e de sacre.<\/a> L&#8217;Alg\u00e9rie fait donc le plein de confiance avant un huiti\u00e8me de finale qui s&#8217;annonce un peu plus compliqu\u00e9 que ce match de poule. Les hommes de Vladimir Petkovic feront face \u00e0 la RD Congo de S\u00e9bastien Desabre, une \u00e9quipe en pleine dynamique.<\/p>\n<p>Et avoir remport\u00e9 ses trois matches de groupe ne garantit en rien de r\u00e9ussir ses matches \u00e0 \u00e9limination directe. <a href=\"https:\/\/www.france24.com\/fr\/sports\/20240128-s\u00e9n\u00e9gal-c\u00f4te-d-ivoire-en-direct-un-8e-de-finale-de-gala-entre-le-champion-et-le-pays-h\u00f4te\" target=\"_self\" rel=\"nofollow noopener\">Demandez au S\u00e9n\u00e9gal&#8230;<\/a><\/p>\n<p class=\"a-em-title\">Classement du groupe F<\/p>\n<p class=\"o-em-consent__content__text\">Pour afficher ce contenu Enetpulse, il est n\u00e9cessaire d&#8217;autoriser les cookies de mesure d&#8217;audience et de publicit\u00e9.<\/p>\n<p>        Accepter<br \/>\n        G\u00e9rer mes choix<\/p>\n","protected":false},"excerpt":{"rendered":"Invaincue, l&#8217;Alg\u00e9rie arrivera en huiti\u00e8mes de finale avec un statut : celui d&#8217;une \u00e9quipe qui est la seule,&hellip;\n","protected":false},"author":2,"featured_media":1621,"comment_status":"","ping_status":"","sticky":false,"template":"","format":"standard","meta":{"footnotes":""},"categories":[254],"tags":[255,179,311,1725,1726,264],"class_list":{"0":"post-1620","1":"post","2":"type-post","3":"status-publish","4":"format-standard","5":"has-post-thumbnail","7":"category-algerie","8":"tag-algerie","9":"tag-can-2025","10":"tag-football","11":"tag-guinee-equatoriale","12":"tag-resumes-can-2025","13":"tag-sports"},"share_on_mastodon":{"url":"","error":""},"_links":{"self":[{"href":"https:\/\/www.europesays.com\/africa\/wp-json\/wp\/v2\/posts\/1620","targetHints":{"allow":["GET"]}}],"collection":[{"href":"https:\/\/www.europesays.com\/africa\/wp-json\/wp\/v2\/posts"}],"about":[{"href":"https:\/\/www.europesays.com\/africa\/wp-json\/wp\/v2\/types\/post"}],"author":[{"embeddable":true,"href":"https:\/\/www.europesays.com\/africa\/wp-json\/wp\/v2\/users\/2"}],"replies":[{"embeddable":true,"href":"https:\/\/www.europesays.com\/africa\/wp-json\/wp\/v2\/comments?post=1620"}],"version-history":[{"count":0,"href":"https:\/\/www.europesays.com\/africa\/wp-json\/wp\/v2\/posts\/1620\/revisions"}],"wp:featuredmedia":[{"embeddable":true,"href":"https:\/\/www.europesays.com\/africa\/wp-json\/wp\/v2\/media\/1621"}],"wp:attachment":[{"href":"https:\/\/www.europesays.com\/africa\/wp-json\/wp\/v2\/media?parent=1620"}],"wp:term":[{"taxonomy":"category","embeddable":true,"href":"https:\/\/www.europesays.com\/africa\/wp-json\/wp\/v2\/categories?post=1620"},{"taxonomy":"post_tag","embeddable":true,"href":"https:\/\/www.europesays.com\/africa\/wp-json\/wp\/v2\/tags?post=1620"}],"curies":[{"name":"wp","href":"https:\/\/api.w.org\/{rel}","templated":true}]}}