{"id":16205,"date":"2026-01-11T00:39:12","date_gmt":"2026-01-11T00:39:12","guid":{"rendered":"https:\/\/www.europesays.com\/africa\/16205\/"},"modified":"2026-01-11T00:39:12","modified_gmt":"2026-01-11T00:39:12","slug":"gabon-wilfried-adjondo-un-magistrat-chevronne-doyen-des-juges-dinstruction-a-libreville-gabonmediatime-com","status":"publish","type":"post","link":"https:\/\/www.europesays.com\/africa\/16205\/","title":{"rendered":"Gabon : Wilfried Adjondo, un magistrat chevronn\u00e9 doyen des juges d\u2019instruction \u00e0 Libreville | Gabonmediatime.com"},"content":{"rendered":"<p>Install\u00e9 le 9 janvier 2026 comme doyen des juges d\u2019instruction pr\u00e8s le Tribunal de premi\u00e8re instance de Libreville, Wilfried Adjondo incarne un profil exp\u00e9riment\u00e9 et polyvalent, appel\u00e9 \u00e0 jouer un r\u00f4le cl\u00e9 dans une phase sensible de la cha\u00eene p\u00e9nale gabonaise.<\/p>\n<p>La justice gabonaise confie l\u2019un de ses postes <a href=\"https:\/\/gabonmediatime.com\/gabon-wilfried-adjondo-nomme-doyen-des-juges-dinstruction-a-libreville\/\" rel=\"nofollow noopener\" target=\"_blank\">les plus strat\u00e9giques \u00e0 un magistrat de carri\u00e8re.<\/a> \u00c0 l\u2019issue de la session extraordinaire du Conseil sup\u00e9rieur de la magistrature du 19 d\u00e9cembre 2025, Wilfried Adjondo a \u00e9t\u00e9 nomm\u00e9 doyen des juges d\u2019instruction pr\u00e8s le Tribunal de premi\u00e8re instance de Libreville. Une nomination ent\u00e9rin\u00e9e par son installation officielle, le 9 janvier 2026, au palais de justice de la capitale.<\/p>\n<p><a data-no-instant=\"1\" href=\"https:\/\/www.facebook.com\/share\/16JuczBfFV\/?mibextid=LQQJ4d\" rel=\"noopener nofollow\" class=\"a2t-link\" target=\"_blank\" aria-label=\"Pub Ceca Gadis Ck2 02oct 2025\"><img loading=\"lazy\" decoding=\"async\" src=\"https:\/\/www.europesays.com\/africa\/wp-content\/uploads\/2026\/01\/Pub-Ceca-Gadis-Ck2-02oct-2025.gif\" alt=\"\" width=\"1136\" height=\"146\" style=\"display: inline-block;\"\/><\/a><\/p>\n<p>\u00c2g\u00e9 de 46 ans, n\u00e9 le 29 mars 1979 \u00e0 Boou\u00e9, le nouveau doyen des juges d\u2019instruction appartient \u00e0 cette g\u00e9n\u00e9ration de magistrats form\u00e9s \u00e0 la crois\u00e9e des exigences acad\u00e9miques et des r\u00e9alit\u00e9s de terrain, dont le parcours \u00e9pouse aussi bien les fonctions du parquet que celles du si\u00e8ge.<\/p>\n<p><a data-no-instant=\"1\" href=\"https:\/\/www.facebook.com\/share\/1EqJQt4p17\/\" rel=\"noopener nofollow\" class=\"a2t-link\" target=\"_blank\" aria-label=\"Pub Hprint\"><img loading=\"lazy\" decoding=\"async\" src=\"https:\/\/www.europesays.com\/africa\/wp-content\/uploads\/2026\/01\/Pub-Hprint-scaled.jpg\" alt=\"\"   width=\"729\" height=\"94\"\/><\/a><\/p>\n<p>Une formation juridique solide et coh\u00e9rente<\/p>\n<p>Le parcours acad\u00e9mique de Wilfried Adjondo t\u00e9moigne d\u2019une progression ma\u00eetris\u00e9e. Titulaire d\u2019une ma\u00eetrise en droit priv\u00e9 obtenue en 2008 \u00e0 l\u2019Universit\u00e9 Omar Bongo, il compl\u00e8te sa formation par un DESS de juriste d\u2019entreprises et d\u2019affaires \u00e0 l\u2019Universit\u00e9 Cheikh Anta Diop de Dakar en 2010. Il int\u00e8gre ensuite l\u2019\u00c9cole nationale de la magistrature, d\u2019o\u00f9 il sort dipl\u00f4m\u00e9 du Dipl\u00f4me d\u2019\u00e9tudes judiciaires (DEJ) en 2012.<\/p>\n<p>Cette formation plurielle lui conf\u00e8re une lecture transversale du droit, pr\u00e9cieuse dans l\u2019exercice de l\u2019instruction, o\u00f9 se croisent contentieux p\u00e9nal, enjeux \u00e9conomiques et respect strict des libert\u00e9s individuelles.<\/p>\n<p>Un parcours judiciaire marqu\u00e9 par la polyvalence<\/p>\n<p>Int\u00e9gr\u00e9 dans le corps de la magistrature en octobre 2012, Wilfried Adjondo gravit progressivement les \u00e9chelons. D\u2019abord substitut du procureur de la R\u00e9publique \u00e0 Libreville (2012\u20132015), il est ensuite procureur de la R\u00e9publique adjoint (2015\u20132017), avant de basculer au si\u00e8ge comme vice-pr\u00e9sident du Tribunal de premi\u00e8re instance de Libreville (2017\u20132018).<\/p>\n<p>Apr\u00e8s un retour au parquet, il exerce \u00e0 nouveau comme procureur adjoint (2018\u20132019), avant d\u2019\u00eatre d\u00e9tach\u00e9 comme conseiller juridique du directeur g\u00e9n\u00e9ral de la Caisse nationale de s\u00e9curit\u00e9 sociale (CNSS) entre 2019 et 2021. Une exp\u00e9rience institutionnelle qui enrichit sa compr\u00e9hension des m\u00e9canismes administratifs et financiers de l\u2019\u00c9tat. De 2021 \u00e0 d\u00e9cembre 2025, il occupe les fonctions de vice-pr\u00e9sident du Tribunal de premi\u00e8re instance de Koula-Moutou, consolidant son exp\u00e9rience manag\u00e9riale et juridictionnelle.<\/p>\n<p>Un poste cl\u00e9 au c\u0153ur de la cha\u00eene p\u00e9nale<\/p>\n<p>D\u00e9sormais doyen des juges d\u2019instruction \u00e0 Libreville, Wilfried Adjondo h\u00e9rite d\u2019une responsabilit\u00e9 centrale. Il lui revient de coordonner l\u2019action des cabinets d\u2019instruction, de veiller \u00e0 la r\u00e9gularit\u00e9 des proc\u00e9dures, et de garantir l\u2019\u00e9quilibre entre efficacit\u00e9 judiciaire et respect scrupuleux des droits de la d\u00e9fense. Dans un contexte marqu\u00e9 par la sensibilit\u00e9 de certains dossiers \u2014 criminalit\u00e9 organis\u00e9e, infractions financi\u00e8res, affaires \u00e0 fort retentissement social \u2014, cette fonction exige \u00e0 la fois autorit\u00e9, rigueur et ind\u00e9pendance.<\/p>\n<p>Au-del\u00e0 de ses fonctions juridictionnelles, Wilfried Adjondo est \u00e9galement 2\u1d49 vice-pr\u00e9sident du Bureau ex\u00e9cutif du Syndicat national des magistrats du Gabon (SYNAMAG). Un engagement qui traduit sa participation active aux r\u00e9flexions sur l\u2019ind\u00e9pendance de la justice, les conditions de travail des magistrats et la consolidation de l\u2019\u00c9tat de droit.<\/p>\n<p>Par la richesse de son parcours, son passage \u00e9quilibr\u00e9 entre parquet et si\u00e8ge, et sa connaissance fine des institutions, Wilfried Adjondo appara\u00eet comme un choix de continuit\u00e9 et d\u2019exigence. Sa nomination intervient \u00e0 un moment o\u00f9 l\u2019instruction judiciaire est appel\u00e9e \u00e0 jouer un r\u00f4le d\u00e9terminant dans le r\u00e9tablissement de la confiance des citoyens envers la justice. \u00c0 Libreville, l\u2019instruction change de doyen, mais conserve une ligne claire : celle de la rigueur proc\u00e9durale et de la responsabilit\u00e9 institutionnelle.<\/p>\n<p><a data-no-instant=\"1\" href=\"https:\/\/www.facebook.com\/GLOBALMEDIATIME\" rel=\"noopener nofollow\" class=\"a2t-link\" target=\"_blank\" aria-label=\"PUB Global Middle\"><img loading=\"lazy\" decoding=\"async\" src=\"https:\/\/www.europesays.com\/africa\/wp-content\/uploads\/2026\/01\/PUB-Global-Middle-e1758277554163.png\" alt=\"\" width=\"729\" height=\"94\"\/><\/a><\/p>\n","protected":false},"excerpt":{"rendered":"Install\u00e9 le 9 janvier 2026 comme doyen des juges d\u2019instruction pr\u00e8s le Tribunal de premi\u00e8re instance de Libreville,&hellip;\n","protected":false},"author":2,"featured_media":16206,"comment_status":"","ping_status":"","sticky":false,"template":"","format":"standard","meta":{"footnotes":""},"categories":[48],"tags":[159],"class_list":{"0":"post-16205","1":"post","2":"type-post","3":"status-publish","4":"format-standard","5":"has-post-thumbnail","7":"category-senegal","8":"tag-senegal"},"share_on_mastodon":{"url":"","error":""},"_links":{"self":[{"href":"https:\/\/www.europesays.com\/africa\/wp-json\/wp\/v2\/posts\/16205","targetHints":{"allow":["GET"]}}],"collection":[{"href":"https:\/\/www.europesays.com\/africa\/wp-json\/wp\/v2\/posts"}],"about":[{"href":"https:\/\/www.europesays.com\/africa\/wp-json\/wp\/v2\/types\/post"}],"author":[{"embeddable":true,"href":"https:\/\/www.europesays.com\/africa\/wp-json\/wp\/v2\/users\/2"}],"replies":[{"embeddable":true,"href":"https:\/\/www.europesays.com\/africa\/wp-json\/wp\/v2\/comments?post=16205"}],"version-history":[{"count":0,"href":"https:\/\/www.europesays.com\/africa\/wp-json\/wp\/v2\/posts\/16205\/revisions"}],"wp:featuredmedia":[{"embeddable":true,"href":"https:\/\/www.europesays.com\/africa\/wp-json\/wp\/v2\/media\/16206"}],"wp:attachment":[{"href":"https:\/\/www.europesays.com\/africa\/wp-json\/wp\/v2\/media?parent=16205"}],"wp:term":[{"taxonomy":"category","embeddable":true,"href":"https:\/\/www.europesays.com\/africa\/wp-json\/wp\/v2\/categories?post=16205"},{"taxonomy":"post_tag","embeddable":true,"href":"https:\/\/www.europesays.com\/africa\/wp-json\/wp\/v2\/tags?post=16205"}],"curies":[{"name":"wp","href":"https:\/\/api.w.org\/{rel}","templated":true}]}}