{"id":16207,"date":"2026-01-11T00:40:09","date_gmt":"2026-01-11T00:40:09","guid":{"rendered":"https:\/\/www.europesays.com\/africa\/16207\/"},"modified":"2026-01-11T00:40:09","modified_gmt":"2026-01-11T00:40:09","slug":"la-dgsn-epaulee-par-la-dgst-saisit-12-090-comprimes-et-interpelle-trois-suspects-a-biougra","status":"publish","type":"post","link":"https:\/\/www.europesays.com\/africa\/16207\/","title":{"rendered":"La DGSN \u00e9paul\u00e9e par la DGST saisit 12 090 comprim\u00e9s et interpelle trois suspects \u00e0 Biougra"},"content":{"rendered":"<p>\n\t\t\tAdil Ettabaa<br \/>\n\t\t\t|<\/p>\n<p>\t\t\t\t15:06 &#8211; 10 janvier 2026<\/p>\n<p>\t\t\t\t<img width=\"700\" height=\"394\" src=\"https:\/\/www.europesays.com\/africa\/wp-content\/uploads\/2026\/01\/fe7cbe57-0c62-4ba1-aaea-6cd15b986ecb-700x394.jpeg\" class=\"attachment-hybrid-single size-hybrid-single wp-post-image\" alt=\"\" decoding=\"async\" fetchpriority=\"high\"  \/>\t\t\t<\/p>\n<p>Les services de police relevant de la zone provinciale de s\u00e9curit\u00e9 de Biougra (pr\u00e8s d\u2019Agadir) ont men\u00e9, aux premi\u00e8res heures du samedi 10 janvier, une op\u00e9ration coordonn\u00e9e avec la Direction g\u00e9n\u00e9rale de la surveillance du territoire (DGST), aboutissant \u00e0 la saisie de 12 090 comprim\u00e9s stup\u00e9fiants et \u00e0 l\u2019interpellation de trois individus \u00e2g\u00e9s de 22 \u00e0 30 ans. Les autorit\u00e9s indiquent que l\u2019intervention a permis \u00abde d\u00e9couvrir et de confisquer une importante quantit\u00e9 de comprim\u00e9s psychotropes destin\u00e9s \u00e0 la revente\u00bb, selon les \u00e9l\u00e9ments fournis par les services de s\u00e9curit\u00e9.<\/p>\n<p>Les personnes arr\u00eat\u00e9es sont soup\u00e7onn\u00e9es de d\u00e9tention et de commercialisation de drogues et de substances psychotropes. Les forces de l\u2019ordre pr\u00e9cisent que deux des suspects ont \u00e9t\u00e9 intercept\u00e9s \u00e0 bord d\u2019un v\u00e9hicule l\u00e9ger dans les environs imm\u00e9diats de Biougra, \u00abo\u00f9 les op\u00e9rations de fouille ont conduit \u00e0 la saisie de 7 500 comprim\u00e9s m\u00e9dicaux stup\u00e9fiants de type Rivotril, accompagn\u00e9s d\u2019une somme d\u2019argent pr\u00e9sum\u00e9e provenir de ce trafic\u00bb.<\/p>\n<p>Modalit\u00e9s de l\u2019interpellation et saisies initiales<\/p>\n<p>Les premi\u00e8res constatations font \u00e9tat d\u2019une op\u00e9ration cibl\u00e9e ayant permis de neutraliser un premier circuit de distribution. Les enqu\u00eateurs rapportent que l\u2019intervention routi\u00e8re s\u2019est d\u00e9roul\u00e9e sans incident notable et que les produits saisis \u00e9taient dissimul\u00e9s \u00e0 l\u2019int\u00e9rieur du v\u00e9hicule, \u00abdans des conditions r\u00e9v\u00e9lant une pr\u00e9paration m\u00e9thodique en vue de leur \u00e9coulement\u00bb.<\/p>\n<p>Les sommes d\u2019argent d\u00e9couvertes lors de cette phase sont d\u00e9crites comme \u00absusceptibles de constituer des revenus directs issus de la vente de stup\u00e9fiants\u00bb, ce qui a conduit les enqu\u00eateurs \u00e0 approfondir leurs investigations afin d\u2019identifier d\u2019\u00e9ventuelles ramifications suppl\u00e9mentaires.<\/p>\n<p>Prolongements de l\u2019enqu\u00eate et cadre judiciaire<\/p>\n<p>Les recherches men\u00e9es dans la continuit\u00e9 de l\u2019op\u00e9ration ont permis l\u2019interpellation d\u2019un troisi\u00e8me suspect, pr\u00e9sent\u00e9 comme li\u00e9 \u00e0 la m\u00eame activit\u00e9 d\u00e9lictuelle. Une perquisition effectu\u00e9e \u00e0 son domicile, situ\u00e9 dans la zone rurale de Qli\u00e2a, a conduit \u00e0 la d\u00e9couverte de \u00ab4 590 comprim\u00e9s hallucinog\u00e8nes suppl\u00e9mentaires de type Ecstasy, accompagn\u00e9s d\u2019un autre montant d\u2019argent provenant des m\u00eames agissements criminels\u00bb.<\/p>\n<p>Les trois personnes mises en cause ont \u00e9t\u00e9 plac\u00e9es en garde \u00e0 vue dans le cadre d\u2019une enqu\u00eate judiciaire conduite sous la supervision du parquet comp\u00e9tent. Les autorit\u00e9s indiquent que cette proc\u00e9dure vise \u00ab\u00e0 d\u00e9terminer l\u2019ensemble des ramifications possibles de cette activit\u00e9 et \u00e0 identifier d\u2019autres personnes susceptibles d\u2019y \u00eatre impliqu\u00e9es\u00bb tandis que les investigations se poursuivent.<\/p>\n","protected":false},"excerpt":{"rendered":"Adil Ettabaa | 15:06 &#8211; 10 janvier 2026 Les services de police relevant de la zone provinciale de&hellip;\n","protected":false},"author":2,"featured_media":16208,"comment_status":"","ping_status":"","sticky":false,"template":"","format":"standard","meta":{"footnotes":""},"categories":[41],"tags":[158],"class_list":{"0":"post-16207","1":"post","2":"type-post","3":"status-publish","4":"format-standard","5":"has-post-thumbnail","7":"category-maroc","8":"tag-maroc"},"share_on_mastodon":{"url":"","error":""},"_links":{"self":[{"href":"https:\/\/www.europesays.com\/africa\/wp-json\/wp\/v2\/posts\/16207","targetHints":{"allow":["GET"]}}],"collection":[{"href":"https:\/\/www.europesays.com\/africa\/wp-json\/wp\/v2\/posts"}],"about":[{"href":"https:\/\/www.europesays.com\/africa\/wp-json\/wp\/v2\/types\/post"}],"author":[{"embeddable":true,"href":"https:\/\/www.europesays.com\/africa\/wp-json\/wp\/v2\/users\/2"}],"replies":[{"embeddable":true,"href":"https:\/\/www.europesays.com\/africa\/wp-json\/wp\/v2\/comments?post=16207"}],"version-history":[{"count":0,"href":"https:\/\/www.europesays.com\/africa\/wp-json\/wp\/v2\/posts\/16207\/revisions"}],"wp:featuredmedia":[{"embeddable":true,"href":"https:\/\/www.europesays.com\/africa\/wp-json\/wp\/v2\/media\/16208"}],"wp:attachment":[{"href":"https:\/\/www.europesays.com\/africa\/wp-json\/wp\/v2\/media?parent=16207"}],"wp:term":[{"taxonomy":"category","embeddable":true,"href":"https:\/\/www.europesays.com\/africa\/wp-json\/wp\/v2\/categories?post=16207"},{"taxonomy":"post_tag","embeddable":true,"href":"https:\/\/www.europesays.com\/africa\/wp-json\/wp\/v2\/tags?post=16207"}],"curies":[{"name":"wp","href":"https:\/\/api.w.org\/{rel}","templated":true}]}}