{"id":16259,"date":"2026-01-11T01:22:14","date_gmt":"2026-01-11T01:22:14","guid":{"rendered":"https:\/\/www.europesays.com\/africa\/16259\/"},"modified":"2026-01-11T01:22:14","modified_gmt":"2026-01-11T01:22:14","slug":"le-palais-royal-devoile-la-maladie-de-mohammed-vi","status":"publish","type":"post","link":"https:\/\/www.europesays.com\/africa\/16259\/","title":{"rendered":"le Palais royal d\u00e9voile la maladie de Mohammed VI"},"content":{"rendered":"<p>On en sait un peu plus sur la maladie de <a href=\"https:\/\/www.tsa-algerie.com\/can-2025-mohammed-vi-le-grand-absent-de-la-ceremonie-douverture\/\" target=\"_blank\" rel=\"noopener nofollow noreferrer\">Mohammed VI<\/a> dont l\u2019\u00e9tat de sant\u00e9 suscite des inqui\u00e9tudes. Grand absent de la c\u00e9r\u00e9monie d\u2019ouverture de la Coupe d\u2019Afrique des nations CAN 2025 dimanche 21 d\u00e9cembre dernier \u00e0 Rabat, le souverain n\u2019est plus apparu au public depuis la visite du pr\u00e9sident fran\u00e7ais Emmanuel Maroc o\u00f9 il est apparu affaibli.<\/p>\n<p>Ce jour-l\u00e0, le roi du Maroc est\u00a0<a href=\"https:\/\/www.tsa-algerie.com\/il-accueille-macron-avec-une-canne-mohammed-vi-choque-le-maroc\/\" rel=\"nofollow noopener\" target=\"_blank\">apparu avec une canne<\/a>, ce qui a choqu\u00e9 le Maroc. La mi-d\u00e9cembre, le souverain a brill\u00e9 par son absence lors des inondations meurtri\u00e8res qui ont endeuill\u00e9 le Maroc, faisant plusieurs morts dans les villes de Safi et T\u00e9touan.<\/p>\n<p class=\"a-lire-box\" style=\"&#13;&#10;                    margin:20px 0;&#13;&#10;                    padding:12px 0;&#13;&#10;                    border-top:1px solid #ddd;&#13;&#10;                    border-bottom:1px solid #ddd;&#13;&#10;                    line-height:1.8;&#13;&#10;                 \">&#13;<br \/>\n                    A lire aussi :&#13;<br \/>\n                    <a href=\"https:\/\/www.tsa-algerie.com\/jamel-debbouze-son-restaurant-a-paris-epingle-pour-vente-de-vins-israeliens\/\" class=\"a-lire-link\" style=\"color:#000;text-decoration:none;font-weight:600;\" rel=\"nofollow noopener\" target=\"_blank\">&#13;<br \/>\n                        Jamel Debbouze : son restaurant \u00e0 Paris \u00e9pingl\u00e9 pour vente de vins isra\u00e9liens&#13;<br \/>\n                    <\/a>&#13;\n                <\/p>\n<p>\u00a0<\/p>\n<p class=\"a-lire-box\" style=\"&#13;&#10;                    margin:20px 0;&#13;&#10;                    padding:12px 0;&#13;&#10;                    border-top:1px solid #ddd;&#13;&#10;                    border-bottom:1px solid #ddd;&#13;&#10;                    line-height:1.8;&#13;&#10;                 \">&#13;<br \/>\n                    A lire aussi :&#13;<br \/>\n                    <a href=\"https:\/\/www.tsa-algerie.com\/le-sahara-occidental-au-ticad-2025-nouveau-revers-pour-le-maroc\/\" class=\"a-lire-link\" style=\"color:#000;text-decoration:none;font-weight:600;\" rel=\"nofollow noopener\" target=\"_blank\">&#13;<br \/>\n                        Le Sahara occidental au Ticad 2025 : nouveau revers pour le Maroc&#13;<br \/>\n                    <\/a>&#13;\n                <\/p>\n<p>Face aux sp\u00e9culations et aux rumeurs qui ont pris de l\u2019ampleur ces derniers mois sur l\u2019\u00e9tat de sant\u00e9 de Mohammed VI, le Palais royal a rompu le silence ce samedi 10 janvier, vi au communiqu\u00e9 laconique publi\u00e9 via l\u2019agence officielle MAP.<\/p>\n<p>Le roi Mohammed VI souffle d\u2019une \u00ab lombosciatalgie m\u00e9canique\u00a0\u00bb<\/p>\n<p>C\u2019est le Professeur Lahcen Belyamani, m\u00e9decin personnel du Souverain, qui a d\u00e9voil\u00e9 ce dont souffre Mohammed VI. Le roi du Maroc souffre d\u2019une \u00ab\u00a0lombosciatalgie m\u00e9canique, associ\u00e9e \u00e0 une contracture musculaire, sans aucun signe de gravit\u00e9\u00a0\u00bb, a d\u00e9clar\u00e9 le sp\u00e9cialiste dans le communiqu\u00e9.<\/p>\n<p class=\"a-lire-box\" style=\"&#13;&#10;                    margin:20px 0;&#13;&#10;                    padding:12px 0;&#13;&#10;                    border-top:1px solid #ddd;&#13;&#10;                    border-bottom:1px solid #ddd;&#13;&#10;                    line-height:1.8;&#13;&#10;                 \">&#13;<br \/>\n                    A lire aussi :&#13;<br \/>\n                    <a href=\"https:\/\/www.tsa-algerie.com\/gaza-lonu-declare-officiellement-letat-de-famine-et-accuse-israel\/\" class=\"a-lire-link\" style=\"color:#000;text-decoration:none;font-weight:600;\" rel=\"nofollow noopener\" target=\"_blank\">&#13;<br \/>\n                        Gaza : l\u2019ONU d\u00e9clare officiellement l\u2019\u00e9tat de famine et accuse Isra\u00ebl&#13;<br \/>\n                    <\/a>&#13;\n                <\/p>\n<p>Selon la MAP, ces \u00ab\u00a0douleurs au niveau du bas du dos n\u00e9cessitent un traitement m\u00e9dical adapt\u00e9 et une p\u00e9riode de repos fonctionnel\u00a0\u00bb, selon la prescription du Pr Belyamani, qui est \u00e9galement directeur de la clinique du Palais royal et PDG de la Fondation Mohammed VI des Sciences et de la Sant\u00e9.<\/p>\n","protected":false},"excerpt":{"rendered":"On en sait un peu plus sur la maladie de Mohammed VI dont l\u2019\u00e9tat de sant\u00e9 suscite des&hellip;\n","protected":false},"author":2,"featured_media":16260,"comment_status":"","ping_status":"","sticky":false,"template":"","format":"standard","meta":{"footnotes":""},"categories":[41],"tags":[158],"class_list":{"0":"post-16259","1":"post","2":"type-post","3":"status-publish","4":"format-standard","5":"has-post-thumbnail","7":"category-maroc","8":"tag-maroc"},"share_on_mastodon":{"url":"","error":""},"_links":{"self":[{"href":"https:\/\/www.europesays.com\/africa\/wp-json\/wp\/v2\/posts\/16259","targetHints":{"allow":["GET"]}}],"collection":[{"href":"https:\/\/www.europesays.com\/africa\/wp-json\/wp\/v2\/posts"}],"about":[{"href":"https:\/\/www.europesays.com\/africa\/wp-json\/wp\/v2\/types\/post"}],"author":[{"embeddable":true,"href":"https:\/\/www.europesays.com\/africa\/wp-json\/wp\/v2\/users\/2"}],"replies":[{"embeddable":true,"href":"https:\/\/www.europesays.com\/africa\/wp-json\/wp\/v2\/comments?post=16259"}],"version-history":[{"count":0,"href":"https:\/\/www.europesays.com\/africa\/wp-json\/wp\/v2\/posts\/16259\/revisions"}],"wp:featuredmedia":[{"embeddable":true,"href":"https:\/\/www.europesays.com\/africa\/wp-json\/wp\/v2\/media\/16260"}],"wp:attachment":[{"href":"https:\/\/www.europesays.com\/africa\/wp-json\/wp\/v2\/media?parent=16259"}],"wp:term":[{"taxonomy":"category","embeddable":true,"href":"https:\/\/www.europesays.com\/africa\/wp-json\/wp\/v2\/categories?post=16259"},{"taxonomy":"post_tag","embeddable":true,"href":"https:\/\/www.europesays.com\/africa\/wp-json\/wp\/v2\/tags?post=16259"}],"curies":[{"name":"wp","href":"https:\/\/api.w.org\/{rel}","templated":true}]}}