{"id":16343,"date":"2026-01-11T02:32:54","date_gmt":"2026-01-11T02:32:54","guid":{"rendered":"https:\/\/www.europesays.com\/africa\/16343\/"},"modified":"2026-01-11T02:32:54","modified_gmt":"2026-01-11T02:32:54","slug":"senegal-une-indemnite-de-logement-de-100-000-fcfa-etendue-a-tous-les-agents-de-letat","status":"publish","type":"post","link":"https:\/\/www.europesays.com\/africa\/16343\/","title":{"rendered":"S\u00e9n\u00e9gal : Une indemnit\u00e9 de logement de 100 000 FCFA \u00e9tendue \u00e0 tous les agents de l&#8217;\u00c9tat"},"content":{"rendered":"<p>\u00a9 Koaci.com &#8211; vendredi 09 janvier 2026 &#8211; 12:32<\/p>\n<p>Bassirou Faye<\/p>\n<p>Le pr\u00e9sident s\u00e9n\u00e9galais <a href=\"https:\/\/www.koaci.com\/recherche?search=Bassirou+Diomaye+Faye\" rel=\"nofollow noopener\" target=\"_blank\">Bassirou Diomaye Faye<\/a> a sign\u00e9 un d\u00e9cret \u00e9tendant \u00e0 l\u2019ensemble des agents de l\u2019\u00c9tat l\u2019indemnit\u00e9 repr\u00e9sentative de logement.<\/p>\n<p>Le pr\u00e9sident s\u00e9n\u00e9galais <a href=\"https:\/\/www.koaci.com\/recherche?search=Bassirou+Diomaye+Faye\" rel=\"nofollow noopener\" target=\"_blank\">Bassirou Diomaye Faye<\/a> a sign\u00e9, mercredi, le d\u00e9cret n\u00b02026-06 instaurant une indemnit\u00e9 repr\u00e9sentative de logement pour l\u2019ensemble des agents de l\u2019\u00c9tat jusque-l\u00e0 exclus de cet avantage.\u00a0<\/p>\n<p>Fix\u00e9e \u00e0 100 000 francs CFA par mois, nets d\u2019imp\u00f4ts, cette indemnit\u00e9 concerne les agents non log\u00e9s et dont le statut ne pr\u00e9voit pas d\u00e9j\u00e0 une compensation \u00e9quivalente.<\/p>\n<p><\/p>\n<p>Cette mesure vise \u00e0 corriger une \u00ab rupture d\u2019\u00e9galit\u00e9 \u00bb dans le syst\u00e8me de r\u00e9mun\u00e9ration publique, alors qu\u2019environ 7 % des agents en \u00e9taient jusque-l\u00e0 exclus.<\/p>\n<p>L\u2019indemnit\u00e9 profitera aux agents non log\u00e9s et \u00e0 ceux dont le statut ne pr\u00e9voit pas d\u00e9j\u00e0 cet avantage.<\/p>\n<p>Le texte, contresign\u00e9 par le Premier ministre Ousmane Sonko et le ministre des Finances Cheikh Diba, entre en vigueur imm\u00e9diatement.<\/p>\n<p>Selon le minist\u00e8re des Finances et du Budget, cette d\u00e9cision s\u2019inscrit dans le cadre du Pacte national de stabilit\u00e9 sociale et a pour objectif d\u2019am\u00e9liorer les conditions de vie et de travail des agents publics, afin de renforcer l\u2019efficacit\u00e9 du service public.<\/p>\n","protected":false},"excerpt":{"rendered":"\u00a9 Koaci.com &#8211; vendredi 09 janvier 2026 &#8211; 12:32 Bassirou Faye Le pr\u00e9sident s\u00e9n\u00e9galais Bassirou Diomaye Faye a&hellip;\n","protected":false},"author":2,"featured_media":16344,"comment_status":"","ping_status":"","sticky":false,"template":"","format":"standard","meta":{"footnotes":""},"categories":[48],"tags":[1213,9017,645,10558,10557,10555,2273,7314,7315,7317,10556,248,159,10559],"class_list":{"0":"post-16343","1":"post","2":"type-post","3":"status-publish","4":"format-standard","5":"has-post-thumbnail","7":"category-senegal","8":"tag-actualite","9":"tag-agents","10":"tag-article","11":"tag-etendue","12":"tag-fcfa","13":"tag-indemnite","14":"tag-info","15":"tag-koaci","16":"tag-koaci-senegal","17":"tag-l","18":"tag-logement","19":"tag-politique","20":"tag-senegal","21":"tag-tous"},"share_on_mastodon":{"url":"","error":""},"_links":{"self":[{"href":"https:\/\/www.europesays.com\/africa\/wp-json\/wp\/v2\/posts\/16343","targetHints":{"allow":["GET"]}}],"collection":[{"href":"https:\/\/www.europesays.com\/africa\/wp-json\/wp\/v2\/posts"}],"about":[{"href":"https:\/\/www.europesays.com\/africa\/wp-json\/wp\/v2\/types\/post"}],"author":[{"embeddable":true,"href":"https:\/\/www.europesays.com\/africa\/wp-json\/wp\/v2\/users\/2"}],"replies":[{"embeddable":true,"href":"https:\/\/www.europesays.com\/africa\/wp-json\/wp\/v2\/comments?post=16343"}],"version-history":[{"count":0,"href":"https:\/\/www.europesays.com\/africa\/wp-json\/wp\/v2\/posts\/16343\/revisions"}],"wp:featuredmedia":[{"embeddable":true,"href":"https:\/\/www.europesays.com\/africa\/wp-json\/wp\/v2\/media\/16344"}],"wp:attachment":[{"href":"https:\/\/www.europesays.com\/africa\/wp-json\/wp\/v2\/media?parent=16343"}],"wp:term":[{"taxonomy":"category","embeddable":true,"href":"https:\/\/www.europesays.com\/africa\/wp-json\/wp\/v2\/categories?post=16343"},{"taxonomy":"post_tag","embeddable":true,"href":"https:\/\/www.europesays.com\/africa\/wp-json\/wp\/v2\/tags?post=16343"}],"curies":[{"name":"wp","href":"https:\/\/api.w.org\/{rel}","templated":true}]}}