{"id":16360,"date":"2026-01-11T02:45:32","date_gmt":"2026-01-11T02:45:32","guid":{"rendered":"https:\/\/www.europesays.com\/africa\/16360\/"},"modified":"2026-01-11T02:45:32","modified_gmt":"2026-01-11T02:45:32","slug":"can-2025-algerie-nigeria-deux-equipes-que-tout-oppose-en-quarts-de-finale-2","status":"publish","type":"post","link":"https:\/\/www.europesays.com\/africa\/16360\/","title":{"rendered":"CAN 2025 : Alg\u00e9rie &#8211; Nigeria, deux \u00e9quipes que tout oppose en quarts de finale"},"content":{"rendered":"<p>Le duel des quarts de finale de la <a href=\"https:\/\/www.france24.com\/fr\/tag\/can-2025\/\" target=\"_self\" class=\"gtm-add-suggested-tag\" rel=\"nofollow noopener\">CAN 2025<\/a> entre l&#8217;<a href=\"https:\/\/www.france24.com\/fr\/tag\/alg\u00e9rie\/\" target=\"_self\" class=\"gtm-add-suggested-tag\" rel=\"nofollow noopener\">Alg\u00e9rie<\/a> et le <a href=\"https:\/\/www.france24.com\/fr\/tag\/nigeria\/\" target=\"_self\" class=\"gtm-add-suggested-tag\" rel=\"nofollow noopener\">Nigeria<\/a> met aux prises samedi 10 janvier \u00e0 Marrakech deux des s\u00e9lections les plus solides du tournoi, les deux seules ayant r\u00e9alis\u00e9 un parcours sans faute durant la phase de groupes. Une affiche digne d&#8217;une finale, qui offre une opposition de styles absolue entre l&#8217;efficacit\u00e9 offensive du Nigeria et la discipline d\u00e9fensive de l&#8217;Alg\u00e9rie. Entre une \u00e9quipe de stars qui se tirent la bourre et un groupe homog\u00e8ne o\u00f9 le collectif prime.<\/p>\n<p class=\"a-read-more\">\u00c0 lire aussi<a href=\"https:\/\/www.france24.com\/fr\/sports\/20260110-can-2025-algerie-nigeria-direct-quart-finale\" target=\"_self\" class=\"a-read-more__link\" rel=\"nofollow noopener\">CAN 2025. Alg\u00e9rie &#8211; Nigeria en direct : qui rejoindra le Maroc en demi-finales ?<\/a><\/p>\n<p>Le Nigeria se pr\u00e9sente avec la meilleure attaque du tournoi avec un total impressionnant de 12 buts pour l&#8217;instant. Les Super Eagles s&#8217;appuient sur leur trio d&#8217;attaque d\u00e9vastateur, emmen\u00e9 par l&#8217;attaquant masqu\u00e9 et caract\u00e9riel <a href=\"https:\/\/www.france24.com\/fr\/tag\/victor-osimhen\/\" target=\"_self\" class=\"gtm-add-suggested-tag\" rel=\"nofollow noopener\">Victor Osimhen<\/a>, flanqu\u00e9 des fid\u00e8les Ademola Lookman, irr\u00e9prochable jusque-l\u00e0, ainsi qu&#8217;Akor Adams. En ma\u00eetre \u00e0 jouer, Alex Iwobi n&#8217;est pas en reste.<\/p>\n<p> Le Nigeria &#8220;bien pr\u00e9par\u00e9&#8221; <\/p>\n<p>Cependant, cette force de frappe masque un climat interne pas forc\u00e9ment serein, entre <a href=\"https:\/\/www.france24.com\/fr\/sports\/20260106-can-2025-quand-victor-osimhen-fond-sur-ses-coequipiers-nigeria\" target=\"_self\" rel=\"nofollow noopener\">les tensions entre les cadres de l&#8217;attaque<\/a>, des litiges relatifs aux primes et des menaces de gr\u00e8ve. Malgr\u00e9 ces incertitudes en coulisses, le groupe nig\u00e9rian est arriv\u00e9 \u00e0 Marrakech au complet, faisant taire les rumeurs d&#8217;un d\u00e9part pr\u00e9cipit\u00e9 d&#8217;Osimhen apr\u00e8s les huiti\u00e8mes.<\/p>\n<p>&#8220;On est bien pr\u00e9par\u00e9s&#8221;, s&#8217;est content\u00e9 de commenter le s\u00e9lectionneur Eric Chelle \u00e0 la veille du match, pr\u00e9f\u00e9rant ne pas \u00e9voquer ce qui se passe en coulisses.<\/p>\n<p>Pour disputer<a href=\"https:\/\/www.france24.com\/fr\/sports\/20250825-records-can-buteurs-selections-matchs\" target=\"_self\" rel=\"nofollow noopener\"> la 17e demi-finale de Coupe d&#8217;Afrique<\/a> de leur histoire (un record), les Super Eagles devront d&#8217;abord faire sauter le verrou alg\u00e9rien.<\/p>\n<p>Car avec un seul but encaiss\u00e9, les Fennecs partagent avec l&#8217;h\u00f4te marocain la meilleure d\u00e9fense du tournoi. Et encore, c&#8217;\u00e9tait \u00e0 la fin <a href=\"https:\/\/www.france24.com\/fr\/sports\/20251231-can-2025-algerie-guinee-equatoriale-resume\" target=\"_self\" rel=\"nofollow noopener\">du troisi\u00e8me match de poules<\/a>, sans enjeu, avec une \u00e9quipe remani\u00e9e. Avec un\u00a0<a href=\"https:\/\/www.france24.com\/fr\/tag\/luca-zidane\/\" target=\"_self\" rel=\"nofollow noopener\">Luca Zidane<\/a>\u00a0quasi irr\u00e9prochable dans ses buts, prot\u00e9g\u00e9 par une charni\u00e8re Ramy Bensebaini &#8211; A\u00efssa Mandi \u00e0 toute \u00e9preuve, pas de quoi craindre les Super Eagles, explique le jeune attaquant Ibrahim Maza :\u00a0&#8220;On n&#8217;a conc\u00e9d\u00e9 qu&#8217;un seul but donc je ne dirais pas qu&#8217;on a peur du Nigeria, on est l&#8217;une des meilleures d\u00e9fenses du tournoi&#8221;.<\/p>\n<p class=\"a-read-more\">\u00c0 lire aussi<a href=\"https:\/\/www.france24.com\/fr\/sports\/20260110-can-2025-algerie-nigeria-demi-finale-maroc-romain-saiss\" target=\"_self\" class=\"a-read-more__link\" rel=\"nofollow noopener\">Alg\u00e9rie ou Nigeria en demi-finale de la CAN ? Le choix du Marocain Romain Sa\u00efss<\/a><\/p>\n<p> L&#8217;Alg\u00e9rie &#8220;capable de souffrir&#8221; <\/p>\n<p>Le s\u00e9lectionneur bosnien Vladimir Petkovic, depuis son arriv\u00e9e \u00e0 la t\u00eate des Fennecs, a r\u00e9ussi \u00e0 former un groupe homog\u00e8ne et solidaire. Il a pu faire tourner ses titulaires en phase de groupes sans que le rendement de l&#8217;\u00e9quipe n&#8217;en p\u00e2tisse. Et son coaching s&#8217;est av\u00e9r\u00e9 payant en huiti\u00e8mes, quand l&#8217;<a href=\"https:\/\/www.france24.com\/fr\/sports\/20260106-can-2025-algerie-rd-congo\" target=\"_self\" rel=\"nofollow noopener\">Alg\u00e9rie a arrach\u00e9 sa qualification face \u00e0 la RD Congo<\/a>\u00a0gr\u00e2ce \u00e0 un but d&#8217;Adil Boulbina sur une passe de Ramiz Zerrouki, qui venaient d&#8217;entrer en jeu.<\/p>\n<p class=\"a-read-more\">\u00c0 lire aussi<a href=\"https:\/\/www.france24.com\/fr\/sports\/20260103-can-2025-calendrier-tableau-affiches-quarts-de-finale\" target=\"_self\" class=\"a-read-more__link\" rel=\"nofollow noopener\">Le tableau complet et les affiches des quarts de finale de la CAN 2025<\/a><\/p>\n<p>Cette solidarit\u00e9 et cette abn\u00e9gation leur permettront de faire face aux individualit\u00e9s nig\u00e9rianes, selon le coach Petkovic : &#8220;Je suis convaincu que mes joueurs savent comment souffrir et sont capables de le faire&#8221;. Rien que \u00e7a !<\/p>\n<p>D&#8217;autant que l&#8217;Alg\u00e9rie poss\u00e8de \u00e9galement des arguments offensifs face \u00e0 une arri\u00e8re-garde nig\u00e9riane plus fragile (4 buts encaiss\u00e9s). En associant par exemple la pr\u00e9cision de la jeune p\u00e9pite Ibrahim Maza \u00e0 l&#8217;exp\u00e9rience de <a href=\"https:\/\/www.france24.com\/fr\/tag\/riyad-mahrez\/\" target=\"_self\" class=\"gtm-add-suggested-tag\" rel=\"nofollow noopener\">Riyad Mahrez<\/a>,\u00a0d\u00e9j\u00e0 trois buts au compteur. Surtout que l&#8217;attaquant de 34 ans compte bien profiter jusqu&#8217;au bout de sa derni\u00e8re Coupe d&#8217;Afrique. Au moins jusqu&#8217;\u00e0 un choc tant esp\u00e9r\u00e9 <a href=\"https:\/\/www.france24.com\/fr\/sports\/20260109-can-2025-maroc-dompte-cameroun-maniere-demi-finale\" target=\"_self\" rel=\"nofollow noopener\">en demi-finales contre le Maroc<\/a> ?<\/p>\n","protected":false},"excerpt":{"rendered":"Le duel des quarts de finale de la CAN 2025 entre l&#8217;Alg\u00e9rie et le Nigeria met aux prises&hellip;\n","protected":false},"author":2,"featured_media":16361,"comment_status":"","ping_status":"","sticky":false,"template":"","format":"standard","meta":{"footnotes":""},"categories":[254],"tags":[255,179,311,122,292,264,125],"class_list":{"0":"post-16360","1":"post","2":"type-post","3":"status-publish","4":"format-standard","5":"has-post-thumbnail","7":"category-algerie","8":"tag-algerie","9":"tag-can-2025","10":"tag-football","11":"tag-nigeria","12":"tag-riyad-mahrez","13":"tag-sports","14":"tag-victor-osimhen"},"share_on_mastodon":{"url":"","error":""},"_links":{"self":[{"href":"https:\/\/www.europesays.com\/africa\/wp-json\/wp\/v2\/posts\/16360","targetHints":{"allow":["GET"]}}],"collection":[{"href":"https:\/\/www.europesays.com\/africa\/wp-json\/wp\/v2\/posts"}],"about":[{"href":"https:\/\/www.europesays.com\/africa\/wp-json\/wp\/v2\/types\/post"}],"author":[{"embeddable":true,"href":"https:\/\/www.europesays.com\/africa\/wp-json\/wp\/v2\/users\/2"}],"replies":[{"embeddable":true,"href":"https:\/\/www.europesays.com\/africa\/wp-json\/wp\/v2\/comments?post=16360"}],"version-history":[{"count":0,"href":"https:\/\/www.europesays.com\/africa\/wp-json\/wp\/v2\/posts\/16360\/revisions"}],"wp:featuredmedia":[{"embeddable":true,"href":"https:\/\/www.europesays.com\/africa\/wp-json\/wp\/v2\/media\/16361"}],"wp:attachment":[{"href":"https:\/\/www.europesays.com\/africa\/wp-json\/wp\/v2\/media?parent=16360"}],"wp:term":[{"taxonomy":"category","embeddable":true,"href":"https:\/\/www.europesays.com\/africa\/wp-json\/wp\/v2\/categories?post=16360"},{"taxonomy":"post_tag","embeddable":true,"href":"https:\/\/www.europesays.com\/africa\/wp-json\/wp\/v2\/tags?post=16360"}],"curies":[{"name":"wp","href":"https:\/\/api.w.org\/{rel}","templated":true}]}}