{"id":16377,"date":"2026-01-11T02:59:35","date_gmt":"2026-01-11T02:59:35","guid":{"rendered":"https:\/\/www.europesays.com\/africa\/16377\/"},"modified":"2026-01-11T02:59:35","modified_gmt":"2026-01-11T02:59:35","slug":"paris-deplore-une-initiative-manifestement-hostile-apres-ladoption-par-lalgerie-dune-loi-criminalisant-la-colonisation-francaise","status":"publish","type":"post","link":"https:\/\/www.europesays.com\/africa\/16377\/","title":{"rendered":"Paris d\u00e9plore &#8220;une initiative manifestement hostile&#8221; apr\u00e8s l&#8217;adoption par l&#8217;Alg\u00e9rie d&#8217;une loi criminalisant la colonisation fran\u00e7aise"},"content":{"rendered":"\n<p class=\"c-chapo \">\n  Le minist\u00e8re des Affaires \u00e9trang\u00e8res fran\u00e7ais a rappel\u00e9 mercredi &#8220;l&#8217;ampleur du travail engag\u00e9 par le pr\u00e9sident&#8221; Emmanuel Macron en mati\u00e8re de m\u00e9moire de la colonisation au travers d&#8217;une commission mixte d&#8217;historiens fran\u00e7ais et alg\u00e9riens.\n<\/p>\n<p>      lire plus tard<\/p>\n<p id=\"dialog__title\" class=\"dialog__title\">Pour sauvegarder cet article, connectez-vous ou cr\u00e9ez un compte franceinfo<\/p>\n<p class=\"dialog__description\">Sans paiement. Sans abonnement.<\/p>\n<p>        Fermer la fen\u00eatre d\u2019activation des notifications France Info<\/p>\n<p>      cr\u00e9er votre compte<\/p>\n<p>      se connecter<\/p>\n<p>      :<\/p>\n<p>        Fermer la fen\u00eatre de pr\u00e9sentation<\/p>\n<p>    <img loading=\"lazy\" decoding=\"async\" class=\"signature__image lazyload\" width=\"100\" height=\"100\" data- alt=\"\" src=\"https:\/\/www.europesays.com\/africa\/wp-content\/uploads\/2026\/01\/64a68815cd1a7_placeholder-36b69ec8.png\"\/><\/p>\n<p>    Publi\u00e9 le 24\/12\/2025 18:22<\/p>\n<p>        Temps de lecture : 1min<\/p>\n<p>    <img decoding=\"async\"  alt=\"Le ministre des Affaires \u00e9trang\u00e8res, Jean-No\u00ebl Barrot, \u00e0 l'Elys\u00e9e, le 17 d\u00e9cembre 2025. (DIMITAR DILKOFF \/ AFP)\" width=\"432\" height=\"243\" src=\"https:\/\/www.europesays.com\/africa\/wp-content\/uploads\/2026\/01\/000-88ea4r4-694c217c97590151336907.jpg\" fetchpriority=\"high\"\/><\/p>\n<p>      Le ministre des Affaires \u00e9trang\u00e8res, Jean-No\u00ebl Barrot, \u00e0 l&#8217;Elys\u00e9e, le 17 d\u00e9cembre 2025. (DIMITAR DILKOFF \/ AFP)<\/p>\n<p>La France r\u00e9agit. L&#8217;adoption par l&#8217;Alg\u00e9rie <a href=\"https:\/\/www.franceinfo.fr\/monde\/afrique\/algerie\/le-parlement-algerien-adopte-a-l-unanimite-une-loi-criminalisant-la-colonisation-francaise-et-reclamant-des-excuses-officielles_7699987.html\" rel=\"nofollow noopener\" target=\"_blank\">d&#8217;une loi criminalisant la colonisation fran\u00e7aise<\/a> (de 1830 \u00e0 1962) est &#8220;une initiative manifestement hostile, \u00e0 la fois \u00e0 la volont\u00e9 de reprise du dialogue franco-alg\u00e9rien, et \u00e0 un travail serein sur les enjeux m\u00e9moriels&#8221;, a r\u00e9agi le minist\u00e8re des Affaires \u00e9trang\u00e8res, mercredi 24 d\u00e9cembre. Ce texte adopt\u00e9 dans l&#8217;apr\u00e8s-midi par le Parlement alg\u00e9rien, juge imprescriptibles un certain nombre de &#8220;crimes de la colonisation fran\u00e7aise&#8221; et demande des &#8220;excuses officielles&#8221; ainsi que des r\u00e9parations.<\/p>\n<p>Le porte-parolat du Quai d&#8217;Orsay a soulign\u00e9 que la France n&#8217;avait &#8220;pas vocation \u00e0 commenter la politique int\u00e9rieure alg\u00e9rienne&#8221;. Toutefois, Paris rappelle &#8220;l&#8217;ampleur du travail engag\u00e9 par le pr\u00e9sident&#8221; Emmanuel Macron en mati\u00e8re de m\u00e9moire de la colonisation au travers d&#8217;une commission mixte d&#8217;historiens fran\u00e7ais et alg\u00e9riens.<\/p>\n<p>&#8220;Nous continuons de travailler \u00e0 la reprise d&#8217;un dialogue exigeant avec l&#8217;Alg\u00e9rie, qui puisse r\u00e9pondre aux int\u00e9r\u00eats prioritaires de la France et des Fran\u00e7ais, en particulier s&#8217;agissant des questions s\u00e9curitaires et migratoires&#8221;, ajoute n\u00e9anmoins le minist\u00e8re.<\/p>\n","protected":false},"excerpt":{"rendered":"Le minist\u00e8re des Affaires \u00e9trang\u00e8res fran\u00e7ais a rappel\u00e9 mercredi &#8220;l&#8217;ampleur du travail engag\u00e9 par le pr\u00e9sident&#8221; Emmanuel Macron&hellip;\n","protected":false},"author":2,"featured_media":16378,"comment_status":"","ping_status":"","sticky":false,"template":"","format":"standard","meta":{"footnotes":""},"categories":[254],"tags":[255],"class_list":{"0":"post-16377","1":"post","2":"type-post","3":"status-publish","4":"format-standard","5":"has-post-thumbnail","7":"category-algerie","8":"tag-algerie"},"share_on_mastodon":{"url":"","error":""},"_links":{"self":[{"href":"https:\/\/www.europesays.com\/africa\/wp-json\/wp\/v2\/posts\/16377","targetHints":{"allow":["GET"]}}],"collection":[{"href":"https:\/\/www.europesays.com\/africa\/wp-json\/wp\/v2\/posts"}],"about":[{"href":"https:\/\/www.europesays.com\/africa\/wp-json\/wp\/v2\/types\/post"}],"author":[{"embeddable":true,"href":"https:\/\/www.europesays.com\/africa\/wp-json\/wp\/v2\/users\/2"}],"replies":[{"embeddable":true,"href":"https:\/\/www.europesays.com\/africa\/wp-json\/wp\/v2\/comments?post=16377"}],"version-history":[{"count":0,"href":"https:\/\/www.europesays.com\/africa\/wp-json\/wp\/v2\/posts\/16377\/revisions"}],"wp:featuredmedia":[{"embeddable":true,"href":"https:\/\/www.europesays.com\/africa\/wp-json\/wp\/v2\/media\/16378"}],"wp:attachment":[{"href":"https:\/\/www.europesays.com\/africa\/wp-json\/wp\/v2\/media?parent=16377"}],"wp:term":[{"taxonomy":"category","embeddable":true,"href":"https:\/\/www.europesays.com\/africa\/wp-json\/wp\/v2\/categories?post=16377"},{"taxonomy":"post_tag","embeddable":true,"href":"https:\/\/www.europesays.com\/africa\/wp-json\/wp\/v2\/tags?post=16377"}],"curies":[{"name":"wp","href":"https:\/\/api.w.org\/{rel}","templated":true}]}}