{"id":16451,"date":"2026-01-11T04:27:08","date_gmt":"2026-01-11T04:27:08","guid":{"rendered":"https:\/\/www.europesays.com\/africa\/16451\/"},"modified":"2026-01-11T04:27:08","modified_gmt":"2026-01-11T04:27:08","slug":"bambali-le-village-senegalais-qui-se-modernise-grace-au-fils-prodigue-sadio-mane","status":"publish","type":"post","link":"https:\/\/www.europesays.com\/africa\/16451\/","title":{"rendered":"Bambali, le village s\u00e9n\u00e9galais qui se modernise gr\u00e2ce au fils prodigue Sadio Man\u00e9"},"content":{"rendered":"\n<p>La lumi\u00e8re du jour se l\u00e8ve progressivement sur le ciel de Bambali. Dans les rues du village, la qui\u00e9tude s\u2019estompe, laissant s\u2019installer une nouvelle vie. Celle-ci se conjugue avec le vieux quai des pirogues, le magasin en t\u00f4le d\u00e9di\u00e9 au stockage des semences, la station d\u2019essence, l\u2019h\u00f4pital, etc.<\/p>\n<p>  Le S\u00e9n\u00e9gal qualifi\u00e9 en demi-finale de la CAN <\/p>\n<p>Vendredi 9\u00a0janvier, le\u00a0S\u00e9n\u00e9gal\u00a0a confort\u00e9 son r\u00f4le de grand pr\u00e9tendant \u00e0 la victoire en Coupe d\u2019Afrique des Nations, disput\u00e9e actuellement au Maroc, en dominant le Mali (1-0).<\/p>\n<p>Dans leur qu\u00eate d\u2019un second titre apr\u00e8s celui de la CAN 2021, les Lions joueront leur demi-finale mercredi 14\u00a0janvier \u00e0 Tanger.<\/p>\n<p>             Afficher la suite            <\/p>\n<p>C\u2019est une atmosph\u00e8re loin de celle des m\u00e9galopoles qui anime ce petit d\u00e9cor rural. Chaque instant, des mototaxis font des va-et-vient, des minicars transportent des passagers et des tricycles charg\u00e9s de marchandises d\u00e9barquent.<\/p>\n<p>Cela, \u00e0 l\u2019instar des vagues du fleuve [Casamance], parfois agit\u00e9, qu\u2019empruntent des centaines de passagers pour rallier l\u2019autre rive. Bambali est un village qui s\u2019anime et se modernise. C\u2019est ici qu\u2019une importante partie des autres habitants des d\u00e9partements de S\u00e9dhiou et de Bounkiling passent pour rejoindre Goudomp et m\u00eame la Guin\u00e9e-Bissau.<\/p>\n<p>\u201cBambali a beaucoup chang\u00e9\u201d, s\u2019enorgueillit Mabintou Diatta, une marraine de quartier, ou badienu gox. \u201cAujourd\u2019hui, nous avons un centre de sant\u00e9, un coll\u00e8ge, un terrain de football, une station-service et m\u00eame une boulangerie\u201d, \u00e9num\u00e8re-t-elle. Presque toutes ces r\u00e9alisations sont l\u2019\u0153uvre d\u2019un homme\u00a0: Sadio Man\u00e9, l\u2019international s\u00e9n\u00e9galais.<\/p>\n<p>Curieusement, \u00e0 Bambali, l\u2019image de Sadio Man\u00e9 n\u2019est pas visible, mais son nom est omnipr\u00e9sent \u00e0 travers les infrastructures qu\u2019il a offertes \u00e0 cette commune rurale de 26\u00a0008\u00a0habitants, et dont cette derni\u00e8re continue de b\u00e9n\u00e9ficier.<\/p>\n<p>\u201cBambali a enregistr\u00e9 d\u2019importantes avanc\u00e9es. Il suffit de faire le tour pour s\u2019en rendre compte\u201d, avoue Mariama Gu\u00e8ye, la premi\u00e8re adjointe au maire. Ici, tous reconnaissent que la vie des femmes a chang\u00e9 depuis que le centre de sant\u00e9 a \u00e9t\u00e9 ouvert. Les populations ont presque tous les services n\u00e9cessaires dans cette structure de sant\u00e9 encore flambant neuve.<\/p>\n<p>               \u201cOn ne s\u2019inqui\u00e8te plus quand on a un malade\u201d       <\/p>\n<p>\u201cOn ne s\u2019inqui\u00e8te plus quand on a un malade. Les \u00e9vacuations sanitaires vers S\u00e9dhiou sont un mauvais souvenir\u201d, raconte Mabintou Diatta. Tr\u00e8s engag\u00e9e, la marraine de quartier passe une partie de son temps \u00e0 des s\u00e9ances de sensibilisation dans les foyers. Gr\u00e2ce \u00e0 cette structure de sant\u00e9, les habitants des communes voisines \u2013 telles que Djir\u00e9dji, Diattacounda, etc. \u2013 viennent se faire soigner \u00e0 Bambali, comme en t\u00e9moignent les longues files d\u2019attente devant le dentiste.<\/p>\n<p>                                      <a href=\"https:\/\/focus.courrierinternational.com\/2026\/01\/08\/0\/0\/2000\/1480\/1280\/0\/60\/0\/0357540_upload-1-fr8b1a4ra0h9-web20260108-senegal-bambali.png\" data-pswp-width=\"1280\" data-pswp-height=\"947\" rel=\"nofollow noopener\" target=\"_blank\">        <img decoding=\"async\" loading=\"lazy\" onerror=\"this.classList.add(`img--error`)\" src=\"https:\/\/www.europesays.com\/africa\/wp-content\/uploads\/2026\/01\/0357540_upload-1-fr8b1a4ra0h9-web20260108-senegal-bambali.png\"  width=\"640\" height=\"474\" alt=\"Bambali, S\u00e9n\u00e9gal.\"\/>     <\/a>      Bambali, S\u00e9n\u00e9gal.   COURRIER INTERNATIONAL               <\/p>\n<p>Pourtant, il y a quelques ann\u00e9es, Bambali faisait face \u00e0 des difficult\u00e9s li\u00e9es aux infrastructures \u00e9ducatives. Les enseignements-apprentissages se faisaient \u00e0 c\u00f4t\u00e9 du quai d\u2019embarquement. Les \u00e9l\u00e8ves \u00e9taient oblig\u00e9s de s\u2019adapter au brouhaha quotidien de ce carrefour o\u00f9 sont encore visibles quelques vestiges des comptoirs de commerce de l\u2019\u00e8re coloniale.<\/p>\n<p>Dans sa mission r\u00e9galienne, l\u2019\u00c9tat y a construit deux blocs de quatre salles de classe, puis les populations ont financ\u00e9 l\u2019\u00e9dification de deux autres salles de classe, plus le bloc administratif.<\/p>\n<p>\u201cSadio Man\u00e9 s\u2019est joint \u00e0 la synergie des forces en offrant deux b\u00e2timents de dix salles de classe. Il a \u00e9galement financ\u00e9 la construction du mur de cl\u00f4ture et achev\u00e9 les b\u00e2timents en construction\u201d, pr\u00e9cise Ousmane Man\u00e9, le premier proviseur du lyc\u00e9e de Bambali, encore en service dans cet \u00e9tablissement. Occup\u00e9 devant son ordinateur pour finaliser les documents administratifs, \u00e0 quelques heures de la session du baccalaur\u00e9at\u00a02025 (le reportage a \u00e9t\u00e9 r\u00e9alis\u00e9 avant l\u2019examen), M.\u00a0Man\u00e9 reconna\u00eet que d\u2019importants efforts ont \u00e9t\u00e9 faits pour offrir un cadre d\u2019\u00e9tudes adapt\u00e9 aux \u00e9l\u00e8ves.<\/p>\n<p>Depuis la cr\u00e9ation du lyc\u00e9e, en 2016, \u201cnos enfants ne quittent plus Bambali apr\u00e8s le brevet de fin d\u2019\u00e9tudes moyennes [BFEM, \u00e9quivalent du brevet des coll\u00e8ges en France] pour S\u00e9dhiou\u201d, assure Mariama Gu\u00e8ye. La premi\u00e8re adjointe au maire de Bambali se souvient encore\u00a0: \u201cAvant, nombre d\u2019entre eux abandonnaient en raison du manque de moyens.\u201d Aussit\u00f4t entr\u00e9 dans l\u2019enceinte de la mairie, le maire, Ibrahima Tour\u00e9, re\u00e7oit des visiteurs et signe quelques documents.<\/p>\n<p>Teint noir, taquin et d\u2019un abord facile, il v\u00e9rifie toutes les pi\u00e8ces, adresse ses salutations avant de nous recevoir. Pour cet homme au physique fr\u00eale, le progr\u00e8s de sa commune est, en grande partie, favoris\u00e9 par la personnalit\u00e9 de son neveu, Sadio Man\u00e9. \u00c9num\u00e9rant les r\u00e9alisations qui font de Bambali un beau village, il insiste sur l\u2019importance du lyc\u00e9e et du centre de sant\u00e9. \u201cTout le monde peut venir \u00e9tudier ici. M\u00eame un Bissau-Guin\u00e9en peut venir se faire soigner dans le village. Bambali est devenu une attractivit\u00e9 dans la zone\u201d, commente-t-il.<\/p>\n<p>Ici, tout ce qui a \u00e9t\u00e9 r\u00e9alis\u00e9, c\u2019est pratiquement l\u2019\u0153uvre de Man\u00e9. \u201cIl nous a offert un centre de sant\u00e9, un autre stade est actuellement en construction, la grande mosqu\u00e9e de Bambali aussi est en chantier. Rien qu\u2019avant-hier, j\u2019ai re\u00e7u les cl\u00e9s de la nouvelle boulangerie construite par Sadio Man\u00e9\u201d, rappelle le maire.<\/p>\n<p>               Une passion pour le football       <\/p>\n<p>Dans le village, les jeunes sont aussi en premi\u00e8re ligne. Engag\u00e9s dans l\u2019am\u00e9lioration du cadre de vie, ils pr\u00e9parent un reboisement sur tout le long de la piste principale qui traverse le village.<\/p>\n<p>Inspir\u00e9s par Sadio Man\u00e9, d\u2019autres ont opt\u00e9 pour le football. Ils se battent de toutes leurs forces pour signer un jour un contrat professionnel. Chaque jour, ces jeunes se retrouvent dans le stade moderne offert par le pensionnaire du club saoudien Al-Nassr pour s\u2019\u00e9panouir [apr\u00e8s avoir effectu\u00e9 toute sa carri\u00e8re professionnelle en Europe, Sadio Man\u00e9 a rejoint le club \u00e9tabli \u00e0 Riyad en 2023]. C\u2019est d\u2019ailleurs gr\u00e2ce \u00e0 cette infrastructure, estime Mamadou Mbodj Man\u00e9, repr\u00e9sentant de la jeunesse de Bambali, que l\u2019\u00e9quipe de football locale, le FC\u00a0Mansacounda, a r\u00e9ussi, cette ann\u00e9e, la mont\u00e9e en National\u00a01 [la troisi\u00e8me division du championnat de football au S\u00e9n\u00e9gal].<\/p>\n<p>Nombreux d\u2019entre eux travaillent dur pour faire partie des prochains recrutements de Bourges\u00a0FC, club [fran\u00e7ais] dont l\u2019international s\u00e9n\u00e9galais Sadio Man\u00e9 d\u00e9tient 90\u00a0% des parts. Ainsi, pour les habitants, si leur terroir fait bon vivre aujourd\u2019hui, c\u2019est gr\u00e2ce aux nombreuses initiatives de Sadio Man\u00e9.<\/p>\n<p>\u201cIl joue le r\u00f4le d\u2019ambassadeur du village de Bambali dans le monde entier. Cela montre qu\u2019il n\u2019a pas oubli\u00e9 ses origines\u201d, conclut le maire et oncle maternel de l\u2019ancienne star de Liverpool et du Bayern.<\/p>\n","protected":false},"excerpt":{"rendered":"La lumi\u00e8re du jour se l\u00e8ve progressivement sur le ciel de Bambali. Dans les rues du village, la&hellip;\n","protected":false},"author":2,"featured_media":16452,"comment_status":"","ping_status":"","sticky":false,"template":"","format":"standard","meta":{"footnotes":""},"categories":[48],"tags":[64,5341,311,159,2687,4498],"class_list":{"0":"post-16451","1":"post","2":"type-post","3":"status-publish","4":"format-standard","5":"has-post-thumbnail","7":"category-senegal","8":"tag-afrique","9":"tag-coupe-du2019afrique-des-nations-can","10":"tag-football","11":"tag-senegal","12":"tag-sociu00e9tu00e9","13":"tag-su00e9nu00e9gal"},"share_on_mastodon":{"url":"","error":""},"_links":{"self":[{"href":"https:\/\/www.europesays.com\/africa\/wp-json\/wp\/v2\/posts\/16451","targetHints":{"allow":["GET"]}}],"collection":[{"href":"https:\/\/www.europesays.com\/africa\/wp-json\/wp\/v2\/posts"}],"about":[{"href":"https:\/\/www.europesays.com\/africa\/wp-json\/wp\/v2\/types\/post"}],"author":[{"embeddable":true,"href":"https:\/\/www.europesays.com\/africa\/wp-json\/wp\/v2\/users\/2"}],"replies":[{"embeddable":true,"href":"https:\/\/www.europesays.com\/africa\/wp-json\/wp\/v2\/comments?post=16451"}],"version-history":[{"count":0,"href":"https:\/\/www.europesays.com\/africa\/wp-json\/wp\/v2\/posts\/16451\/revisions"}],"wp:featuredmedia":[{"embeddable":true,"href":"https:\/\/www.europesays.com\/africa\/wp-json\/wp\/v2\/media\/16452"}],"wp:attachment":[{"href":"https:\/\/www.europesays.com\/africa\/wp-json\/wp\/v2\/media?parent=16451"}],"wp:term":[{"taxonomy":"category","embeddable":true,"href":"https:\/\/www.europesays.com\/africa\/wp-json\/wp\/v2\/categories?post=16451"},{"taxonomy":"post_tag","embeddable":true,"href":"https:\/\/www.europesays.com\/africa\/wp-json\/wp\/v2\/tags?post=16451"}],"curies":[{"name":"wp","href":"https:\/\/api.w.org\/{rel}","templated":true}]}}