{"id":1649,"date":"2026-01-04T01:36:11","date_gmt":"2026-01-04T01:36:11","guid":{"rendered":"https:\/\/www.europesays.com\/africa\/1649\/"},"modified":"2026-01-04T01:36:11","modified_gmt":"2026-01-04T01:36:11","slug":"ce-que-lon-sait-de-laccident-survenu-sur-laxe-autoroutier-casablanca-marrakech","status":"publish","type":"post","link":"https:\/\/www.europesays.com\/africa\/1649\/","title":{"rendered":"Ce que l\u2019on sait de l\u2019accident survenu sur l\u2019axe autoroutier Casablanca\u2013Marrakech"},"content":{"rendered":"<p class=\"default__StyledText-sc-10mj2vp-0 CxBBS body-paragraph\">Un accident impliquant un v\u00e9hicule l\u00e9ger s\u2019est produit ce vendredi \u00e0 12h39 sur la p\u00e9n\u00e9trante autorouti\u00e8re de Marrakech, dans le sens Casablanca\u2013Marrakech, faisant une victime.<\/p>\n<p class=\"default__StyledText-sc-10mj2vp-0 CxBBS body-paragraph\">Selon les premi\u00e8res informations disponibles, l\u2019accident n\u2019aurait aucun lien avec les conditions m\u00e9t\u00e9orologiques actuelles. Les causes pr\u00e9cises restent toutefois \u00e0 \u00e9tablir et feront l\u2019objet d\u2019investigations approfondies par les services concern\u00e9s, apprend-on de sources autoris\u00e9es.<\/p>\n<p class=\"default__StyledText-sc-10mj2vp-0 CxBBS body-paragraph\">Aussit\u00f4t l\u2019alerte donn\u00e9e, l\u2019ensemble des intervenants concern\u00e9s a \u00e9t\u00e9 mobilis\u00e9. Les \u00e9quipes d\u2019Autoroutes du Maroc (ADM), la Protection civile ainsi que la Gendarmerie royale se sont rendues sur les lieux d\u00e8s 12h50 afin de s\u00e9curiser la zone, prendre en charge la situation et r\u00e9tablir la circulation dans les meilleurs d\u00e9lais.<\/p>\n","protected":false},"excerpt":{"rendered":"Un accident impliquant un v\u00e9hicule l\u00e9ger s\u2019est produit ce vendredi \u00e0 12h39 sur la p\u00e9n\u00e9trante autorouti\u00e8re de Marrakech,&hellip;\n","protected":false},"author":2,"featured_media":1650,"comment_status":"","ping_status":"","sticky":false,"template":"","format":"standard","meta":{"footnotes":""},"categories":[41],"tags":[1740,1741,1742,158,1743],"class_list":{"0":"post-1649","1":"post","2":"type-post","3":"status-publish","4":"format-standard","5":"has-post-thumbnail","7":"category-maroc","8":"tag-accident","9":"tag-adm","10":"tag-casablanca","11":"tag-maroc","12":"tag-marrakech"},"share_on_mastodon":{"url":"","error":""},"_links":{"self":[{"href":"https:\/\/www.europesays.com\/africa\/wp-json\/wp\/v2\/posts\/1649","targetHints":{"allow":["GET"]}}],"collection":[{"href":"https:\/\/www.europesays.com\/africa\/wp-json\/wp\/v2\/posts"}],"about":[{"href":"https:\/\/www.europesays.com\/africa\/wp-json\/wp\/v2\/types\/post"}],"author":[{"embeddable":true,"href":"https:\/\/www.europesays.com\/africa\/wp-json\/wp\/v2\/users\/2"}],"replies":[{"embeddable":true,"href":"https:\/\/www.europesays.com\/africa\/wp-json\/wp\/v2\/comments?post=1649"}],"version-history":[{"count":0,"href":"https:\/\/www.europesays.com\/africa\/wp-json\/wp\/v2\/posts\/1649\/revisions"}],"wp:featuredmedia":[{"embeddable":true,"href":"https:\/\/www.europesays.com\/africa\/wp-json\/wp\/v2\/media\/1650"}],"wp:attachment":[{"href":"https:\/\/www.europesays.com\/africa\/wp-json\/wp\/v2\/media?parent=1649"}],"wp:term":[{"taxonomy":"category","embeddable":true,"href":"https:\/\/www.europesays.com\/africa\/wp-json\/wp\/v2\/categories?post=1649"},{"taxonomy":"post_tag","embeddable":true,"href":"https:\/\/www.europesays.com\/africa\/wp-json\/wp\/v2\/tags?post=1649"}],"curies":[{"name":"wp","href":"https:\/\/api.w.org\/{rel}","templated":true}]}}