{"id":16601,"date":"2026-01-11T06:56:18","date_gmt":"2026-01-11T06:56:18","guid":{"rendered":"https:\/\/www.europesays.com\/africa\/16601\/"},"modified":"2026-01-11T06:56:18","modified_gmt":"2026-01-11T06:56:18","slug":"senegal-saint-louis-benevoles-travailleurs-a-part-entiere-les-animateurs-polyvalents-reclament-justice","status":"publish","type":"post","link":"https:\/\/www.europesays.com\/africa\/16601\/","title":{"rendered":"S\u00e9n\u00e9gal: Saint-Louis\/B\u00e9n\u00e9voles, travailleurs \u00e0 part enti\u00e8re &#8211; Les animateurs polyvalents r\u00e9clament justice"},"content":{"rendered":"<p class=\"story-body-text\" data-para-word-count=\"37\">Les animateurs polyvalents du d\u00e9partement de Saint-Louis se sont r\u00e9unis hier, jeudi 08 janvier 2026, devant les locaux de l&#8217;Inspection d&#8217;Acad\u00e9mie de la r\u00e9gion pour lancer leur cri du c\u0153ur \u00e0 l&#8217;endroit des autorit\u00e9s de ce pays.<\/p>\n<p class=\"story-body-text\" data-para-word-count=\"62\">Face \u00e0 la presse, ces jeunes femmes et hommes, qui disent s&#8217;\u00eatre investis corps et \u00e2me au service de la Nation \u00e0 travers le b\u00e9n\u00e9volat, affirment ne plus pouvoir supporter une situation difficile qu&#8217;ils endurent. Ils r\u00e9clament aujourd&#8217;hui de l&#8217;\u00c9tat le recrutement de l&#8217;ensemble des animateurs polyvalents qui n&#8217;attendent selon eux, que des ordres de services apr\u00e8s avoir b\u00e9n\u00e9fici\u00e9 de formations qualifiantes.<\/p>\n<p class=\"story-body-text\" data-para-word-count=\"57\">Pour Alioune Sylla et Marcel Nzal\u00e9 Ndeye, porte-parole respectifs des animateurs polyvalents du d\u00e9partement et de la commune de Saint-Louis, le message est sans ambigu\u00eft\u00e9. L&#8217;\u00c9tat n&#8217;a pas le droit de les oublier apr\u00e8s les avoir form\u00e9s. \u00ab Nous prenons la parole aujourd&#8217;hui pour attirer l&#8217;attention de l&#8217;opinion publique sur la situation d&#8217;exploitation des animateurs du pr\u00e9scolaire.<\/p>\n<p class=\"story-body-text\" style=\"text-align: center;\">\n<p>Suivez-nous sur <a href=\"https:\/\/whatsapp.com\/channel\/0029Vae09IP4inotqC0BUQ2V\" target=\"_blank\" rel=\"nofollow noopener\">WhatsApp<\/a> | <a href=\"https:\/\/www.linkedin.com\/company\/allafrica\/\" target=\"_blank\" rel=\"nofollow noopener\">LinkedIn<\/a> pour les derniers titres<\/p>\n<p class=\"story-body-text\" data-para-word-count=\"86\">Depuis plusieurs ann\u00e9es, des jeunes s\u00e9n\u00e9galais et s\u00e9n\u00e9galaises consacrent leur \u00e9nergie et leurs engagements au service de l&#8217;\u00e9cole s\u00e9n\u00e9galaise, en particulier du pr\u00e9scolaire. Souvent sans salaire, sans statut et sans perspective claire, mais avec l&#8217;espoir l\u00e9gitime d&#8217;un recrutement suivi d&#8217;une formation et d&#8217;une int\u00e9gration dans la fonction publique. Apr\u00e8s de longues ann\u00e9es d&#8217;attente et de patience, ces v\u00e9ritables soldats du pr\u00e9scolaire continuent de vivre dans des conditions indignes et pr\u00e9caires \u00bb, ont-ils rappel\u00e9 avant de plaider pour le recrutement de tous les animateurs polyvalents du pays.<\/p>\n<p class=\"story-body-text\" data-para-word-count=\"64\">Aujourd&#8217;hui, face \u00e0 l&#8217;absence de r\u00e9ponse concr\u00e8te des autorit\u00e9s \u00e9tatiques, les animateurs polyvalents observent une semaine morte, marqu\u00e9e par l&#8217;arr\u00eat des activit\u00e9s scolaires, afin de d\u00e9noncer ce qu&#8217;ils qualifient d&#8217;injustice flagrante. \u00ab Nous interpellons solennellement les autorit\u00e9s comp\u00e9tentes afin qu&#8217;elles annoncent, dans les plus brefs d\u00e9lais, la date officielle de la formation promise et proc\u00e8dent \u00e0 la publication imm\u00e9diate de la liste des b\u00e9n\u00e9ficiaires.<\/p>\n<p class=\"story-body-text\" data-para-word-count=\"65\">Il \u00e9tait annonc\u00e9 que cette formation se tiendrait durant les vacances de No\u00ebl. Jusqu&#8217;\u00e0 pr\u00e9sent, aucun acte concret n&#8217;a \u00e9t\u00e9 pos\u00e9 \u00bb, ont-ils d\u00e9plor\u00e9, exigeant le recrutement total des animateurs polyvalents avant la fin du mois de janvier, conform\u00e9ment aux engagements pris par les autorit\u00e9s. \u00ab Il est inadmissible que celles et ceux qui portent \u00e0 bout de bras le pr\u00e9scolaire s\u00e9n\u00e9galais continuent d&#8217;\u00eatre sacrifi\u00e9s.<\/p>\n<p class=\"story-body-text\" data-para-word-count=\"52\">Des p\u00e8res et des m\u00e8res de famille, qui se donnent corps et \u00e2me depuis plusieurs ann\u00e9es de b\u00e9n\u00e9volat, sont laiss\u00e9s en rade pendant le recrutement des 5000 et des 2000 enseignants. C&#8217;est inadmissible. Les animateurs polyvalents du pr\u00e9scolaire resteront mobilis\u00e9s et d\u00e9termin\u00e9s jusqu&#8217;\u00e0 la satisfaction totale de leurs revendications \u00bb, ont-ils martel\u00e9<\/p>\n<p class=\"story-body-text\" data-para-word-count=\"73\">Abordant dans le m\u00eame sens, leur camarade Ndiallo Diarra, animatrice polyvalente bas\u00e9e \u00e0 Dagana, de d\u00e9noncer \u00e9galement cette situation qu&#8217;elle qualifie d&#8217;injustice. \u00ab C&#8217;est une injustice parce que les animateurs polyvalents sont dans les cases depuis plusieurs ann\u00e9es. C&#8217;est un cri du c\u0153ur que nous lan\u00e7ons \u00e0 l&#8217;\u00c9tat du S\u00e9n\u00e9gal, et nous invitons aussi le ministre de l&#8217;\u00c9ducation Nationale, M. Moustapha Mamba Guirassy \u00e0 apporter une solution \u00e0 notre situation qui est pr\u00e9caire.<\/p>\n<p class=\"story-body-text\" data-para-word-count=\"108\">Nous sommes vraiment d\u00e9courag\u00e9s en ce moment. Nous donnons tout de nous pour \u00e9duquer les enfants, mais nous sommes laiss\u00e9s aux oubliettes. Tout enfant a un droit \u00e0 l&#8217;\u00c9ducation. Nous prenons des enfants de 0 \u00e0 5 ans pour les \u00e9duquer dans des classes pl\u00e9thoriques. Mais c&#8217;est \u00e7a notre r\u00f4le, mais nous, animateurs polyvalents, r\u00e9clamons que l&#8217;\u00c9tat nous recrute. Nous avons eu \u00e0 b\u00e9n\u00e9ficier, dans la r\u00e9gion de Saint-Louis et Louga d&#8217;une formation qualifiante qui a \u00e9t\u00e9 donn\u00e9e par l&#8217;UNICEF. Nous avons \u00e9t\u00e9 qualifi\u00e9s dans les deux CRFPE de Saint-Louis et Louga. Donc que l&#8217;\u00c9tat pense \u00e0 nous s&#8217;il y a des recrutements \u00e0 faire \u00bb, a-t-elle sugg\u00e9r\u00e9.<\/p>\n","protected":false},"excerpt":{"rendered":"Les animateurs polyvalents du d\u00e9partement de Saint-Louis se sont r\u00e9unis hier, jeudi 08 janvier 2026, devant les locaux&hellip;\n","protected":false},"author":2,"featured_media":198,"comment_status":"","ping_status":"","sticky":false,"template":"","format":"standard","meta":{"footnotes":""},"categories":[48],"tags":[63,83,269,265,262,270,362,96,261,159,264,263,266,325],"class_list":{"0":"post-16601","1":"post","2":"type-post","3":"status-publish","4":"format-standard","5":"has-post-thumbnail","7":"category-senegal","8":"tag-africa","9":"tag-business","10":"tag-business-and-finance","11":"tag-current-events","12":"tag-economy","13":"tag-labour","14":"tag-legal-and-judicial-affairs","15":"tag-news","16":"tag-politics","17":"tag-senegal","18":"tag-sports","19":"tag-trade","20":"tag-travel","21":"tag-west-africa"},"share_on_mastodon":{"url":"","error":""},"_links":{"self":[{"href":"https:\/\/www.europesays.com\/africa\/wp-json\/wp\/v2\/posts\/16601","targetHints":{"allow":["GET"]}}],"collection":[{"href":"https:\/\/www.europesays.com\/africa\/wp-json\/wp\/v2\/posts"}],"about":[{"href":"https:\/\/www.europesays.com\/africa\/wp-json\/wp\/v2\/types\/post"}],"author":[{"embeddable":true,"href":"https:\/\/www.europesays.com\/africa\/wp-json\/wp\/v2\/users\/2"}],"replies":[{"embeddable":true,"href":"https:\/\/www.europesays.com\/africa\/wp-json\/wp\/v2\/comments?post=16601"}],"version-history":[{"count":0,"href":"https:\/\/www.europesays.com\/africa\/wp-json\/wp\/v2\/posts\/16601\/revisions"}],"wp:featuredmedia":[{"embeddable":true,"href":"https:\/\/www.europesays.com\/africa\/wp-json\/wp\/v2\/media\/198"}],"wp:attachment":[{"href":"https:\/\/www.europesays.com\/africa\/wp-json\/wp\/v2\/media?parent=16601"}],"wp:term":[{"taxonomy":"category","embeddable":true,"href":"https:\/\/www.europesays.com\/africa\/wp-json\/wp\/v2\/categories?post=16601"},{"taxonomy":"post_tag","embeddable":true,"href":"https:\/\/www.europesays.com\/africa\/wp-json\/wp\/v2\/tags?post=16601"}],"curies":[{"name":"wp","href":"https:\/\/api.w.org\/{rel}","templated":true}]}}