{"id":16602,"date":"2026-01-11T06:57:07","date_gmt":"2026-01-11T06:57:07","guid":{"rendered":"https:\/\/www.europesays.com\/africa\/16602\/"},"modified":"2026-01-11T06:57:07","modified_gmt":"2026-01-11T06:57:07","slug":"meteo-temperatures-en-hausse-sur-les-provinces-sahariennes-et-stables-ailleurs-ce-dimanche-11-janvier-avec-un-temps-froid-localement-sur-les-montagnes","status":"publish","type":"post","link":"https:\/\/www.europesays.com\/africa\/16602\/","title":{"rendered":"M\u00e9t\u00e9o. Temp\u00e9ratures en hausse sur les provinces sahariennes et stables ailleurs ce dimanche 11 janvier, avec un temps froid localement sur les montagnes"},"content":{"rendered":"<p class=\"default__StyledText-sc-10mj2vp-0 CxBBS body-paragraph\">Temps assez froid avec gel\u00e9e locale sur les reliefs, l\u2019Oriental, le Sud-Est et les Hauts plateaux.<\/p>\n<p class=\"default__StyledText-sc-10mj2vp-0 CxBBS body-paragraph\">\u2013 Nuages bas avec formations brumeuses sur les plaines nord et centre, l\u2019Oriental, le Sa\u00efss, les plateaux de Phosphates et d\u2019Oulm\u00e8s, ainsi que le Nord-Ouest des provinces sahariennes.<\/p>\n<p class=\"default__StyledText-sc-10mj2vp-0 CxBBS body-paragraph\">\u2013 Temps stable avec un ciel assez d\u00e9gag\u00e9.<\/p>\n<p class=\"default__StyledText-sc-10mj2vp-0 CxBBS body-paragraph\">\u2013 Temp\u00e9rature minimale de l\u2019ordre de \u201305\/00\u00b0C sur l\u2019Atlas, de 07\/12\u00b0C sur le Souss, le Nord-Ouest des provinces sahariennes et pr\u00e8s des c\u00f4tes, et de 01\/07\u00b0C partout ailleurs.<\/p>\n<p class=\"default__StyledText-sc-10mj2vp-0 CxBBS body-paragraph\">\u2013 Temp\u00e9ratures diurnes en hausse sur les provinces sahariennes et variant peu ailleurs.<\/p>\n<p class=\"default__StyledText-sc-10mj2vp-0 CxBBS body-paragraph\">\u2013 Mer belle \u00e0 peu agit\u00e9e en M\u00e9diterran\u00e9e et sur le D\u00e9troit, agit\u00e9e entre Mehdia et Cap Ghir, et peu agit\u00e9e \u00e0 agit\u00e9e sur le reste du littoral.<\/p>\n<p class=\"interstitial-link block-margin-bottom\">Lire aussi : <a href=\"https:\/\/fr.le360.ma\/economie\/avis-dexpert-comment-integrer-le-climat-dans-le-budget_X6DVQV4ELZHTJJI3VWMFDXVNXM\/\" aria-label=\"Ouvrir un article associ\u00e9\" class=\"default__StyledLink-sc-10mj2vp-1 kkYPzd\" rel=\"nofollow noopener\" target=\"_blank\">Avis d\u2019expert: comment int\u00e9grer le climat dans le budget<\/a><\/p>\n<p class=\"default__StyledText-sc-10mj2vp-0 CxBBS body-paragraph\">Temp\u00e9ratures minimales et maximales pr\u00e9vues par la Direction g\u00e9n\u00e9rale de la m\u00e9t\u00e9orologie pour le dimanche 11 janvier 2026 :<\/p>\n<p class=\"default__StyledText-sc-10mj2vp-0 CxBBS body-paragraph\">\u2013 Oujda min 04 max 16<\/p>\n<p class=\"default__StyledText-sc-10mj2vp-0 CxBBS body-paragraph\">\u2013 Bouarfa min 02 max 14<\/p>\n<p class=\"default__StyledText-sc-10mj2vp-0 CxBBS body-paragraph\">\u2013 Al Hoceima min 05 max 14<\/p>\n<p class=\"default__StyledText-sc-10mj2vp-0 CxBBS body-paragraph\">\u2013 T\u00e9touan min 06 max 14<\/p>\n<p class=\"default__StyledText-sc-10mj2vp-0 CxBBS body-paragraph\">\u2013 Sebta min 11 max 15<\/p>\n<p class=\"default__StyledText-sc-10mj2vp-0 CxBBS body-paragraph\">\u2013 Mellilia min 05 max 15<\/p>\n<p class=\"default__StyledText-sc-10mj2vp-0 CxBBS body-paragraph\">\u2013 Tanger min 07 max 14<\/p>\n<p class=\"default__StyledText-sc-10mj2vp-0 CxBBS body-paragraph\">\u2013 K\u00e9nitra min 05 max 15<\/p>\n<p class=\"default__StyledText-sc-10mj2vp-0 CxBBS body-paragraph\">\u2013 Rabat min 07 max 16<\/p>\n<p class=\"default__StyledText-sc-10mj2vp-0 CxBBS body-paragraph\">\u2013 Casablanca min 09 max 15<\/p>\n<p class=\"default__StyledText-sc-10mj2vp-0 CxBBS body-paragraph\">\u2013 El Jadida min 06 max 16<\/p>\n<p class=\"default__StyledText-sc-10mj2vp-0 CxBBS body-paragraph\">\u2013 Settat min 03 max 16<\/p>\n<p class=\"default__StyledText-sc-10mj2vp-0 CxBBS body-paragraph\">\u2013 Safi min 07 max 18<\/p>\n<p class=\"default__StyledText-sc-10mj2vp-0 CxBBS body-paragraph\">\u2013 Khouribga min 02 max 17<\/p>\n<p class=\"default__StyledText-sc-10mj2vp-0 CxBBS body-paragraph\">\u2013 B\u00e9ni Mellal min 06 max 16<\/p>\n<p class=\"default__StyledText-sc-10mj2vp-0 CxBBS body-paragraph\">\u2013 Marrakech min 03 max 19<\/p>\n<p class=\"default__StyledText-sc-10mj2vp-0 CxBBS body-paragraph\">\u2013 Mekn\u00e8s min 06 max 14<\/p>\n<p class=\"default__StyledText-sc-10mj2vp-0 CxBBS body-paragraph\">\u2013 F\u00e8s min 06 max 13<\/p>\n<p class=\"default__StyledText-sc-10mj2vp-0 CxBBS body-paragraph\">\u2013 Ifrane min \u201301 max 11<\/p>\n<p class=\"default__StyledText-sc-10mj2vp-0 CxBBS body-paragraph\">\u2013 Taounate min 05 max 13<\/p>\n<p class=\"default__StyledText-sc-10mj2vp-0 CxBBS body-paragraph\">\u2013 Errachidia min 03 max 15<\/p>\n<p class=\"default__StyledText-sc-10mj2vp-0 CxBBS body-paragraph\">\u2013 Ouarzazate min 03 max 16<\/p>\n<p class=\"default__StyledText-sc-10mj2vp-0 CxBBS body-paragraph\">\u2013 Agadir min 07 max 19<\/p>\n<p class=\"default__StyledText-sc-10mj2vp-0 CxBBS body-paragraph\">\u2013 Essaouira min 07 max 19<\/p>\n<p class=\"default__StyledText-sc-10mj2vp-0 CxBBS body-paragraph\">\u2013 La\u00e2youne min 08 max 23<\/p>\n<p class=\"default__StyledText-sc-10mj2vp-0 CxBBS body-paragraph\">\u2013 Es-Semara min 07 max 23<\/p>\n<p class=\"default__StyledText-sc-10mj2vp-0 CxBBS body-paragraph\">\u2013 Dakhla min 11 max 23<\/p>\n<p class=\"default__StyledText-sc-10mj2vp-0 CxBBS body-paragraph\">\u2013 Aousserd min 10 max 24<\/p>\n<p class=\"default__StyledText-sc-10mj2vp-0 CxBBS body-paragraph\">\u2013 Lagouira min 10 max 25<\/p>\n<p class=\"default__StyledText-sc-10mj2vp-0 CxBBS body-paragraph\">\u2013 Midelt min 03 max 15.<\/p>\n<p>Par Le360 (avec MAP)<\/p>\n<p>Le 11\/01\/2026 \u00e0 05h59<\/p>\n","protected":false},"excerpt":{"rendered":"Temps assez froid avec gel\u00e9e locale sur les reliefs, l\u2019Oriental, le Sud-Est et les Hauts plateaux. \u2013 Nuages&hellip;\n","protected":false},"author":2,"featured_media":16603,"comment_status":"","ping_status":"","sticky":false,"template":"","format":"standard","meta":{"footnotes":""},"categories":[41],"tags":[2152,2147,158,2148,2149,2150,2151],"class_list":{"0":"post-16602","1":"post","2":"type-post","3":"status-publish","4":"format-standard","5":"has-post-thumbnail","7":"category-maroc","8":"tag-climat","9":"tag-dgm","10":"tag-maroc","11":"tag-meteo","12":"tag-meteorologie","13":"tag-temperatures","14":"tag-vague-de-froid"},"share_on_mastodon":{"url":"","error":""},"_links":{"self":[{"href":"https:\/\/www.europesays.com\/africa\/wp-json\/wp\/v2\/posts\/16602","targetHints":{"allow":["GET"]}}],"collection":[{"href":"https:\/\/www.europesays.com\/africa\/wp-json\/wp\/v2\/posts"}],"about":[{"href":"https:\/\/www.europesays.com\/africa\/wp-json\/wp\/v2\/types\/post"}],"author":[{"embeddable":true,"href":"https:\/\/www.europesays.com\/africa\/wp-json\/wp\/v2\/users\/2"}],"replies":[{"embeddable":true,"href":"https:\/\/www.europesays.com\/africa\/wp-json\/wp\/v2\/comments?post=16602"}],"version-history":[{"count":0,"href":"https:\/\/www.europesays.com\/africa\/wp-json\/wp\/v2\/posts\/16602\/revisions"}],"wp:featuredmedia":[{"embeddable":true,"href":"https:\/\/www.europesays.com\/africa\/wp-json\/wp\/v2\/media\/16603"}],"wp:attachment":[{"href":"https:\/\/www.europesays.com\/africa\/wp-json\/wp\/v2\/media?parent=16602"}],"wp:term":[{"taxonomy":"category","embeddable":true,"href":"https:\/\/www.europesays.com\/africa\/wp-json\/wp\/v2\/categories?post=16602"},{"taxonomy":"post_tag","embeddable":true,"href":"https:\/\/www.europesays.com\/africa\/wp-json\/wp\/v2\/tags?post=16602"}],"curies":[{"name":"wp","href":"https:\/\/api.w.org\/{rel}","templated":true}]}}