{"id":16640,"date":"2026-01-11T07:30:07","date_gmt":"2026-01-11T07:30:07","guid":{"rendered":"https:\/\/www.europesays.com\/africa\/16640\/"},"modified":"2026-01-11T07:30:07","modified_gmt":"2026-01-11T07:30:07","slug":"ces-collegiennes-vont-aller-en-voyage-humanitaire-au-senegal-pour-y-creer-deux-fours-solaires","status":"publish","type":"post","link":"https:\/\/www.europesays.com\/africa\/16640\/","title":{"rendered":"Ces coll\u00e9giennes vont aller en voyage humanitaire au S\u00e9n\u00e9gal pour y cr\u00e9er deux fours solaires"},"content":{"rendered":"<p>                    Par<\/p>\n<p>            <a href=\"https:\/\/actu.fr\/auteur\/carine-robinault\" title=\"Consulter tous les articles de Carine Robinault\" rel=\"nofollow noopener\" target=\"_blank\">Carine Robinault<\/a><\/p>\n<p>        Publi\u00e9 le<\/p>\n<p>            11 janv. 2026 \u00e0 7h50        <\/p>\n<p>Elles sont six jeunes filles de 14 ans. Toutes \u00e9l\u00e8ves de 3e au coll\u00e8ge Georges-Desnos de <a href=\"https:\/\/actu.fr\/pays-de-la-loire\/la-ferte-bernard_72132\" rel=\"nofollow noopener\" target=\"_blank\">La Fert\u00e9-Bernard<\/a>. Et du 5 au 14 f\u00e9vrier prochains, elles s\u2019envoleront pour un voyage humanitaire au <a href=\"https:\/\/actu.fr\/bretagne\/lorient_56121\/peche-transport-eau-potable-que-prevoit-la-convention-de-lorient-agglomeration-au-senegal_63627206.html\" rel=\"nofollow noopener\" target=\"_blank\">S\u00e9n\u00e9gal<\/a>. La r\u00e9compense d\u2019un investissement sans faille depuis deux ans, aux dires de Val\u00e9rie Kerangall, professeur d\u2019histoire-g\u00e9ographie et animatrice du club \u00ab D\u00e9veloppement durable \u00bb de l\u2019\u00e9tablissement.<\/p>\n<p class=\" wall-content\">\u00ab Au d\u00e9part, on ramassait les crayons, les papiers, pour les revendre \u00e0 une bo\u00eete de recyclage et financer les repas des \u00e9l\u00e8ves scolaris\u00e9s au coll\u00e8ge de N\u2019Dem, au S\u00e9n\u00e9gal \u00ab, rembobine la professeure. Petit \u00e0 petit, c\u2019est devenu \u00bb Le club N\u2019dem\u2019, dans la bouche des coll\u00e9giens fertois.<\/p>\n<p>Investies et responsables<\/p>\n<p class=\" wall-content\">Qui avaient, cette fois, en projet de partir voir leurs sept correspondantes sur place, en chair et en os. \u00ab Elles sont particuli\u00e8rement investies, et responsables \u00bb, salue leur professeur.<\/p>\n<p>Un jour, je leur ai dit, ce serait cool qu\u2019on y aille. Et la b\u00eatise a pris forme. Elles ont mont\u00e9 leur budget, obtenu des subventions de la municipalit\u00e9, du comit\u00e9 de jumelage, du coll\u00e8ge, du foyer socio-\u00e9ducatif. Elles ont fait les brocantes, les march\u00e9s de No\u00ebl, de Saint-Antoine, pour vendre des g\u00e2teaux, lanc\u00e9 une cagnotte en ligne.<\/p>\n<p>Val\u00e9rie Kerangall, professeure d\u2019histoire-g\u00e9orgraphie et animatrice du club D\u00e9veloppement durable du coll\u00e8ge Georges-Desnos \u00e0 La Fert\u00e9-Bernard<\/p>\n<p class=\" wall-content\">Leur professeure est presque admirative de cet engagement sans faille. \u00ab Elles se sont d\u00e9men\u00e9es comme des diablesses ! \u00bb<\/p>\n<p>Vid\u00e9os : en ce moment sur ActuUn projet \u00e0 8 000\u00a0euros<\/p>\n<p class=\" wall-content\">Et le r\u00e9sultat est l\u00e0 : le budget est boucl\u00e9 ! 1 000\u00a0euros par personne \u00e9taient n\u00e9cessaires pour s\u2019envoler vers le S\u00e9n\u00e9gal. En somme, 8 000\u00a0euros devaient \u00eatre trouv\u00e9s, pour financer \u00e9galement la participation des deux accompagnatrices.<\/p>\n<p>Votre r\u00e9gion, votre actu !<\/p>\n<p>Recevez chaque jour les infos qui comptent pour vous.<\/p>\n<p>\t<a href=\"https:\/\/actu.fr\/newsletter\" class=\"ac-btn ac-btn--corner ac-btn--medium ac-btn--blue800\" rel=\"nofollow noopener\" target=\"_blank\">S&#8217;incrire<\/a><\/p>\n<p class=\" wall-content\"><a href=\"https:\/\/www.instagram.com\/stories\/highlights\/18065284523086141\/embed\" title=\"Ouvrir le lien sur Instagram\" rel=\"nofollow noopener\" target=\"_blank\">Visualiser le contenu sur Instagram<\/a><\/p>\n<p class=\" wall-content\">\u00ab Chaque \u00e9l\u00e8ve devait d\u00e9bourser 400\u00a0euros mais elles se sont tellement bien d\u00e9brouill\u00e9es qu\u2019on devrait finalement \u00eatre sur 300\u00a0euros \u00bb, s\u2019enthousiasme leur professeure, qui sera sur le d\u00e9part aux c\u00f4t\u00e9s d\u2019une de ses amies, Val\u00e9rie, en charge des photos et vid\u00e9os sur place.<\/p>\n<p>Plus qu\u2019un voyage, une exp\u00e9rience<\/p>\n<p class=\" wall-content\">Comme l\u2019ont r\u00e9v\u00e9l\u00e9 des parents lors d\u2019une r\u00e9union d\u2019information, c\u2019est bien plus qu\u2019un voyage que Val\u00e9rie Kerangall vient proposer \u00e0 ses six prot\u00e9g\u00e9es : c\u2019est une exp\u00e9rience ! Car il ne s\u2019agit pas simplement de se d\u00e9placer \u00e0 N\u2019Dem, en tant que touristes\u2026<\/p>\n<p>On ne voulait pas arriver les mains vides, et il nous fallait un projet pour partir. En discutant avec nos sept correspondantes, de leur quotidien, on s\u2019est rendu compte que l\u00e0-bas, les femmes passent beaucoup de temps avec le feu, dans la fum\u00e9e.<\/p>\n<p>Ambre, coll\u00e9gienne \u00e0 Georges-Desnos, \u00e0 La Fert\u00e9-Bernard<\/p>\n<p class=\" wall-content\">\u00ab Avec des probl\u00e8mes de d\u00e9forestation, de taux de maladie en lien avec les poumons et la respiration, \u00e9lev\u00e9s, et ce, d\u00e8s le plus jeune \u00e2ge parce que les mamans portent leurs b\u00e9b\u00e9s sur le dos \u00bb, appuie Candice.<\/p>\n<p>\u00ab Elles sont au taquet \u00bb<\/p>\n<p class=\" wall-content\">Ni une ni deux, les coll\u00e9giennes fran\u00e7aises ont l\u2019id\u00e9e de cr\u00e9er un four solaire. Et la semaine pass\u00e9e, l\u2019association Inti (qui signifie \u00ab soleil \u00bb, en quechua) \u00e9tait au sein de l\u2019\u00e9tablissement fertois pour initier les adolescentes. \u00ab Ils viennent nous aider \u00e0 monter des kits pour se faire la main \u00bb explique Val\u00e9rie Kerangall. \u00ab Elles sont au taquet, chacune \u00e0 leur poste \u00bb, observe-t-elle, tout sourire. Et de plaisanter : \u00ab moi, je suis l\u00e0 pour d\u00e9guster la marmite quand elle sera pr\u00eate \u00bb.<\/p>\n<p>    <img   decoding=\"async\" loading=\"lazy\" class=\"size-large\" src=\"https:\/\/www.europesays.com\/africa\/wp-content\/uploads\/2026\/01\/3c422e0714496b0522e07144947522v-960x640.jpeg\" alt=\"De gauche \u00e0 droite : Jeanne, Ambre, Zo\u00e9 et Ana\u00efs\" width=\"960\" height=\"640\"\/><br \/>\n    De gauche \u00e0 droite : Jeanne, Ambre, Zo\u00e9 et Ana\u00efs \u00a9Carine ROBINAULT<\/p>\n<p class=\" wall-content\">L\u2019une prend des notes, l\u2019autre filme. Mais attention, si les jeunes filles embarqueront avec le papier r\u00e9flecteur, \u00ab parce que c\u2019est sp\u00e9cifique \u00bb, elles devront reproduire des kits sur place.\u00a0Et non emmener ceux cr\u00e9\u00e9s en terres fertoises. \u00ab C\u2019est un mod\u00e8le europ\u00e9en, et non tropical, donc l\u2019inclinaison, l\u00e0-bas, par rapport au soleil, devra \u00eatre diff\u00e9rente \u00bb, rel\u00e8ve Jeanne.<\/p>\n<p>Deux fours, et une fiche technique<\/p>\n<p class=\" wall-content\">Les jeunes filles devront donc trouver des mat\u00e9riaux et du mat\u00e9riel \u00e0 N\u2019Dem, en vue de construire deux fours. Mais elles laisseront \u00e9galement une fiche technique, pour que leurs correspondantes puissent reproduire.<\/p>\n<p class=\" wall-content\"><a href=\"https:\/\/www.instagram.com\/p\/DTGT7TAiD_9\/embed\" title=\"Ouvrir le lien sur Instagram\" rel=\"nofollow noopener\" target=\"_blank\">Visualiser le contenu sur Instagram<\/a><\/p>\n<p class=\" wall-content\">Mais ces fours ne sont pas une finalit\u00e9. Le partenariat engag\u00e9 depuis une dizaine d\u2019ann\u00e9es entre les deux \u00e9tablissements se poursuivra. D\u2019ailleurs, Jeanne, Ambre, Zo\u00e9, Ana\u00efs, Lola et Candice se languissent d\u00e9j\u00e0 d\u2019accueillir, \u00e0 leur tour, les coll\u00e9giennes s\u00e9n\u00e9galaises en mai\u2026 Mais en attendant, apr\u00e8s cinq-six jours \u00e0 N\u2019Dem, elles feront un saut \u00e0 Dakar pour visiter l\u2019\u00eele de Gor\u00e9e, et d\u00e9couvriront aussi la r\u00e9serve animali\u00e8re de Bandia.<\/p>\n<p>Pratique : pour aider les \u00e9l\u00e8ves \u00e0 se rendre au S\u00e9n\u00e9gal, rendez-vous sur leur cagnotte Leetchi : Voyage humanitaire au S\u00e9n\u00e9gal coll\u00e8ge Georges Desnos<\/p>\n<p class=\" wall-content\">Personnalisez votre actualit\u00e9 en ajoutant vos villes et m\u00e9dias en favori avec <a href=\"https:\/\/moncompte.actu.fr\" title=\"D\u00e9couvez Mon Actu\" rel=\"nofollow noopener\" data-trk=\"{&quot;cta&quot;:{&quot;action&quot;:&quot;https:\\\/\\\/moncompte.actu.fr&quot;,&quot;category&quot;:&quot;mon compte&quot;,&quot;from&quot;:&quot;article footer&quot;,&quot;name&quot;:&quot;Mon actu&quot;,&quot;type&quot;:&quot;cta&quot;}}\" target=\"_blank\">Mon Actu<\/a>.<\/p>\n<p>                    <script async src=\"\/\/www.instagram.com\/embed.js\"><\/script><\/p>\n","protected":false},"excerpt":{"rendered":"Par Carine Robinault Publi\u00e9 le 11 janv. 2026 \u00e0 7h50 Elles sont six jeunes filles de 14 ans.&hellip;\n","protected":false},"author":2,"featured_media":16641,"comment_status":"","ping_status":"","sticky":false,"template":"","format":"standard","meta":{"footnotes":""},"categories":[48],"tags":[10696,159,239],"class_list":{"0":"post-16640","1":"post","2":"type-post","3":"status-publish","4":"format-standard","5":"has-post-thumbnail","7":"category-senegal","8":"tag-humanitaire","9":"tag-senegal","10":"tag-societe"},"share_on_mastodon":{"url":"","error":""},"_links":{"self":[{"href":"https:\/\/www.europesays.com\/africa\/wp-json\/wp\/v2\/posts\/16640","targetHints":{"allow":["GET"]}}],"collection":[{"href":"https:\/\/www.europesays.com\/africa\/wp-json\/wp\/v2\/posts"}],"about":[{"href":"https:\/\/www.europesays.com\/africa\/wp-json\/wp\/v2\/types\/post"}],"author":[{"embeddable":true,"href":"https:\/\/www.europesays.com\/africa\/wp-json\/wp\/v2\/users\/2"}],"replies":[{"embeddable":true,"href":"https:\/\/www.europesays.com\/africa\/wp-json\/wp\/v2\/comments?post=16640"}],"version-history":[{"count":0,"href":"https:\/\/www.europesays.com\/africa\/wp-json\/wp\/v2\/posts\/16640\/revisions"}],"wp:featuredmedia":[{"embeddable":true,"href":"https:\/\/www.europesays.com\/africa\/wp-json\/wp\/v2\/media\/16641"}],"wp:attachment":[{"href":"https:\/\/www.europesays.com\/africa\/wp-json\/wp\/v2\/media?parent=16640"}],"wp:term":[{"taxonomy":"category","embeddable":true,"href":"https:\/\/www.europesays.com\/africa\/wp-json\/wp\/v2\/categories?post=16640"},{"taxonomy":"post_tag","embeddable":true,"href":"https:\/\/www.europesays.com\/africa\/wp-json\/wp\/v2\/tags?post=16640"}],"curies":[{"name":"wp","href":"https:\/\/api.w.org\/{rel}","templated":true}]}}