{"id":16664,"date":"2026-01-11T07:48:10","date_gmt":"2026-01-11T07:48:10","guid":{"rendered":"https:\/\/www.europesays.com\/africa\/16664\/"},"modified":"2026-01-11T07:48:10","modified_gmt":"2026-01-11T07:48:10","slug":"la-terrible-confession-de-mahrez-sur-sa-fin-dhistoire-avec-la-selection","status":"publish","type":"post","link":"https:\/\/www.europesays.com\/africa\/16664\/","title":{"rendered":"la terrible confession de Mahrez sur sa fin d&#8217;histoire avec la s\u00e9lection"},"content":{"rendered":"<p class=\"p1\">L&#8217;Alg\u00e9rie avait des raisons d&#8217;y croire avant la rencontre, mais apr\u00e8s s&#8217;\u00eatre fait dominer de la t\u00eate et des \u00e9paules pendant 90 minutes par une \u00e9quipe du Nig\u00e9ria nettement sup\u00e9rieure, il n&#8217;y avait pas de regret \u00e0 avoir. Ce samedi, les Fennecs ont dit adieu \u00e0 la Coupe d&#8217;Afrique des Nations au stade des quarts de finale apr\u00e8s cette d\u00e9faite 2-0.<\/p>\n<p class=\"p1\">D\u00e9pass\u00e9s dans tous les domaines, les Fennecs quittent la comp\u00e9tition par la petite porte, et c&#8217;est la derni\u00e8re fois que les supporters alg\u00e9riens auront support\u00e9 Riyad Mahrez. Le capitaine de la s\u00e9lection nationale a confirm\u00e9 en conf\u00e9rence de presse qu&#8217;il s&#8217;agissait bel et bien de sa derni\u00e8re apparition \u00e0 la Coupe d&#8217;Afrique des Nations.<\/p>\n<p>&#8220;J&#8217;ai aim\u00e9 gagner cette CAN&#8221;<\/p>\n<p class=\"p1\">&#8220;Bien s\u00fbr (que c&#8217;\u00e9tait ma derni\u00e8re CAN&#8221;. J&#8217;ai aim\u00e9 jouer pour mon pays. J&#8217;ai aim\u00e9 gagner cette CAN qui nous a donn\u00e9 tant d&#8217;\u00e9motions&#8221;, a-t-il livr\u00e9 en conf\u00e9rence de presse. Il est ensuite revenu sur la rencontre en \u00e9voquant notamment le penalty non siffl\u00e9 sur une main du Nig\u00e9ria dans les premi\u00e8res minutes de jeu.<\/p>\n<p class=\"p1\">&#8220;Je d\u00e9teste parle d&#8217;arbitrage apr\u00e8s une d\u00e9faite, mais&#8230; c&#8217;est vrai qu&#8217;il y avait penalty pour nous en premi\u00e8re mi-temps, puis plein de fautes et de cartons non siffl\u00e9s&#8221;, a-t-il lanc\u00e9, reconnaissant tout de m\u00eame la sup\u00e9riorit\u00e9 du Nig\u00e9ria : &#8220;Bravo au Nig\u00e9ria pour leur qualification. Ils \u00e9taient plus forts que nous, c&#8217;est aussi la r\u00e9alit\u00e9&#8221;. On peut difficilement lui donner tort.<\/p>\n<p>   Partagez cette info avec vos amis et vos proches en cliquant ici<br \/> Pour r\u00e9sumer<\/p>\n<p>L\u2019Alg\u00e9rie, domin\u00e9e 2-0 par le Nigeria en quart de finale de la CAN, quitte la comp\u00e9tition. Riyad Mahrez, capitaine, annonce sa retraite en CAN apr\u00e8s 10 ans, \u00e9voquant fiert\u00e9, regrets sur l\u2019arbitrage, mais saluant la sup\u00e9riorit\u00e9 nig\u00e9riane.<\/p>\n<p>R\u00e9dacteur<\/p>\n<p><img decoding=\"async\" width=\"76\" height=\"76\" loading=\"lazy\" src=\"https:\/\/www.europesays.com\/africa\/wp-content\/uploads\/2026\/01\/logo-antoine-chirat.jpg\" alt=\"Antoine Chirat\"\/><\/p>\n","protected":false},"excerpt":{"rendered":"L&#8217;Alg\u00e9rie avait des raisons d&#8217;y croire avant la rencontre, mais apr\u00e8s s&#8217;\u00eatre fait dominer de la t\u00eate et&hellip;\n","protected":false},"author":2,"featured_media":16665,"comment_status":"","ping_status":"","sticky":false,"template":"","format":"standard","meta":{"footnotes":""},"categories":[254],"tags":[255,360],"class_list":{"0":"post-16664","1":"post","2":"type-post","3":"status-publish","4":"format-standard","5":"has-post-thumbnail","7":"category-algerie","8":"tag-algerie","9":"tag-can"},"share_on_mastodon":{"url":"","error":""},"_links":{"self":[{"href":"https:\/\/www.europesays.com\/africa\/wp-json\/wp\/v2\/posts\/16664","targetHints":{"allow":["GET"]}}],"collection":[{"href":"https:\/\/www.europesays.com\/africa\/wp-json\/wp\/v2\/posts"}],"about":[{"href":"https:\/\/www.europesays.com\/africa\/wp-json\/wp\/v2\/types\/post"}],"author":[{"embeddable":true,"href":"https:\/\/www.europesays.com\/africa\/wp-json\/wp\/v2\/users\/2"}],"replies":[{"embeddable":true,"href":"https:\/\/www.europesays.com\/africa\/wp-json\/wp\/v2\/comments?post=16664"}],"version-history":[{"count":0,"href":"https:\/\/www.europesays.com\/africa\/wp-json\/wp\/v2\/posts\/16664\/revisions"}],"wp:featuredmedia":[{"embeddable":true,"href":"https:\/\/www.europesays.com\/africa\/wp-json\/wp\/v2\/media\/16665"}],"wp:attachment":[{"href":"https:\/\/www.europesays.com\/africa\/wp-json\/wp\/v2\/media?parent=16664"}],"wp:term":[{"taxonomy":"category","embeddable":true,"href":"https:\/\/www.europesays.com\/africa\/wp-json\/wp\/v2\/categories?post=16664"},{"taxonomy":"post_tag","embeddable":true,"href":"https:\/\/www.europesays.com\/africa\/wp-json\/wp\/v2\/tags?post=16664"}],"curies":[{"name":"wp","href":"https:\/\/api.w.org\/{rel}","templated":true}]}}