{"id":16668,"date":"2026-01-11T07:50:10","date_gmt":"2026-01-11T07:50:10","guid":{"rendered":"https:\/\/www.europesays.com\/africa\/16668\/"},"modified":"2026-01-11T07:50:10","modified_gmt":"2026-01-11T07:50:10","slug":"can-2025-le-tableau-complet-des-demi-finales-avec-les-dates-et-les-horaires-des-matchs","status":"publish","type":"post","link":"https:\/\/www.europesays.com\/africa\/16668\/","title":{"rendered":"CAN 2025\u00a0: le tableau complet des demi-finales avec les dates et les horaires des matchs"},"content":{"rendered":"<p class=\"paragraph text_align_left lp-f-body-02\">Fin des quarts, place aux demi-finales. Alors que la <a href=\"https:\/\/www.leparisien.fr\/sports\/football\/coupe-d-afrique-des-nations\/\" target=\"_blank\" rel=\"nofollow noopener\">Coupe d\u2019Afrique des nations 2025<\/a> entre dans sa derni\u00e8re ligne droite, le dernier carr\u00e9 est d\u00e9sormais connu. Ce samedi, <a href=\"https:\/\/www.leparisien.fr\/sports\/football\/coupe-d-afrique-des-nations\/algerie-nigeria-0-2-les-super-eagles-dominent-de-timides-fennecs-et-rejoignent-le-maroc-en-demi-finale-de-la-can-10-01-2026-2VUSAFBFJREBRGBPJPFY5I75EA.php\" target=\"_self\" rel=\"nofollow noopener\">le Nigeria a mis un terme aux r\u00eaves alg\u00e9riens<\/a> en dominant sans trembler les Fennecs (0-2), se qualifiant ainsi pour la 17e demie de son histoire \u00e0 la CAN.<\/p>\n<p class=\"\">Pour d\u00e9crocher une place en finale et esp\u00e9rer faire mieux qu\u2019en 2024, <a href=\"https:\/\/www.leparisien.fr\/sports\/football\/can-2024-la-cote-divoire-sur-le-toit-de-lafrique-apres-une-competition-dingue-11-02-2024-IQDM5HXBWJC5LHPJQOI7B5WRZ4.php\" target=\"_self\" rel=\"nofollow noopener\">lorsqu\u2019ils avaient \u00e9chou\u00e9 sur la deuxi\u00e8me marche du podium<\/a> en s\u2019inclinant contre la C\u00f4te d\u2019Ivoire, <a href=\"https:\/\/www.leparisien.fr\/sports\/football\/coupe-d-afrique-des-nations\/can-2025-hey-cest-un-jeu-dequipe-le-gros-craquage-dosimhen-contre-son-propre-coequipier-malgre-la-victoire-du-nigeria-06-01-2026-RDF4E36MWRBYVLJNWZFB6H2G2Y.php\" target=\"_self\" rel=\"nofollow noopener\">Victor Osimhen<\/a> et ses partenaires devront s\u2019extirper des griffes du Maroc le mercredi 14 janvier (21 heures).<\/p>\n<p><img decoding=\"async\" class=\"image \" loading=\"lazy\" src=\"https:\/\/www.europesays.com\/africa\/wp-content\/uploads\/2026\/01\/IR53VMFS7RF33NYWT2SNQXSTWU.jpg\" alt=\"\" align=\"\" data-rubrique-principale=\"\" data-article-type=\"\" fetchpriority=\"auto\"\/><\/p>\n<p class=\"\">Pr\u00e9vue au <a href=\"https:\/\/www.leparisien.fr\/sports\/football\/coupe-d-afrique-des-nations\/can-2025-rabat-tanger-casablanca-la-liste-complete-des-stades-de-la-competition-21-12-2025-YGODZLPOCVAM7IVGX6HS2S5JTY.php\" target=\"_self\" rel=\"nofollow noopener\">Stade Prince Moulay Abdellah<\/a>, dans lequel les Lions de l\u2019Atlas \u00e9voluent depuis le d\u00e9but de la comp\u00e9tition, la rencontre promet de faire des \u00e9tincelles. D\u2019un c\u00f4t\u00e9, <a href=\"https:\/\/www.leparisien.fr\/sports\/football\/coupe-d-afrique-des-nations\/maroc-cameroun-2-0-au-rendez-vous-de-leur-can-les-marocains-montent-en-puissance-et-sont-en-demi-finales-09-01-2026-DQHXW265DRHSVDAZBTEN26OGYI.php\" target=\"_self\" rel=\"nofollow noopener\">une \u00e9quipe marocaine d\u00e9termin\u00e9e \u00e0 s\u2019imposer \u00e0 domicile<\/a> pour mettre fin \u00e0 50 ans de disette depuis son unique sacre \u00e0 la CAN, en 1976. De l\u2019autre, des Super Eagles remont\u00e9s \u00e0 bloc <a href=\"https:\/\/www.leparisien.fr\/sports\/football\/coupe-du-monde\/football-le-gars-de-la-rd-congo-a-fait-du-vaudou-la-video-de-lincroyable-colere-de-lentraineur-du-nigeria-17-11-2025-3S4T4LKGKBFH7PTFRMBU6474CI.php\" target=\"_self\" rel=\"nofollow noopener\">apr\u00e8s avoir \u00e9chou\u00e9 \u00e0 se qualifier pour la prochaine Coupe du monde<\/a>. Tous les ingr\u00e9dients semblent r\u00e9unis pour vibrer lors de ce match au sommet.<\/p>\n<p>Des retrouvailles entre le S\u00e9n\u00e9gal et l\u2019\u00c9gypte<\/p>\n<p class=\"\">Quelques heures plus t\u00f4t, la premi\u00e8re demi-finale entre <a href=\"https:\/\/www.leparisien.fr\/sports\/football\/coupe-d-afrique-des-nations\/mali-senegal-0-1-dans-un-match-debride-les-lions-de-la-teranga-simposent-et-verront-les-demies-09-01-2026-QG45TSTF4VDFLGEFAIPVUF55BM.php\" target=\"_self\" rel=\"nofollow noopener\">le S\u00e9n\u00e9gal<\/a> et l\u2019\u00c9gypte, qui s\u2019est jou\u00e9 de la C\u00f4te d\u2019Ivoire dans une rencontre riche en suspense en quarts de finale (3-2), aura rendu son verdict. Programm\u00e9e au Stade Ibn-Batouta de Tanger le mercredi 14 janvier, la rencontre d\u00e9marrera \u00e0 18 heures et mettra elle aussi aux prises deux g\u00e9ants du continent.<\/p>\n<p class=\"\">Riche en histoires \u00e0 raconter, le match rappellera de bons souvenirs aux Lions de la Teranga, qui s\u2019\u00e9taient impos\u00e9s face \u00e0 leurs rivaux \u00e9gyptiens pour remporter la premi\u00e8re CAN de leur histoire en janvier 2022. Il s\u2019agira aussi des retrouvailles entre Sadio Man\u00e9 et Mohamed Salah, longtemps partenaires du c\u00f4t\u00e9 de Liverpool.<\/p>\n","protected":false},"excerpt":{"rendered":"Fin des quarts, place aux demi-finales. Alors que la Coupe d\u2019Afrique des nations 2025 entre dans sa derni\u00e8re&hellip;\n","protected":false},"author":2,"featured_media":16669,"comment_status":"","ping_status":"","sticky":false,"template":"","format":"standard","meta":{"footnotes":""},"categories":[41],"tags":[360,311,158,264],"class_list":{"0":"post-16668","1":"post","2":"type-post","3":"status-publish","4":"format-standard","5":"has-post-thumbnail","7":"category-maroc","8":"tag-can","9":"tag-football","10":"tag-maroc","11":"tag-sports"},"share_on_mastodon":{"url":"","error":""},"_links":{"self":[{"href":"https:\/\/www.europesays.com\/africa\/wp-json\/wp\/v2\/posts\/16668","targetHints":{"allow":["GET"]}}],"collection":[{"href":"https:\/\/www.europesays.com\/africa\/wp-json\/wp\/v2\/posts"}],"about":[{"href":"https:\/\/www.europesays.com\/africa\/wp-json\/wp\/v2\/types\/post"}],"author":[{"embeddable":true,"href":"https:\/\/www.europesays.com\/africa\/wp-json\/wp\/v2\/users\/2"}],"replies":[{"embeddable":true,"href":"https:\/\/www.europesays.com\/africa\/wp-json\/wp\/v2\/comments?post=16668"}],"version-history":[{"count":0,"href":"https:\/\/www.europesays.com\/africa\/wp-json\/wp\/v2\/posts\/16668\/revisions"}],"wp:featuredmedia":[{"embeddable":true,"href":"https:\/\/www.europesays.com\/africa\/wp-json\/wp\/v2\/media\/16669"}],"wp:attachment":[{"href":"https:\/\/www.europesays.com\/africa\/wp-json\/wp\/v2\/media?parent=16668"}],"wp:term":[{"taxonomy":"category","embeddable":true,"href":"https:\/\/www.europesays.com\/africa\/wp-json\/wp\/v2\/categories?post=16668"},{"taxonomy":"post_tag","embeddable":true,"href":"https:\/\/www.europesays.com\/africa\/wp-json\/wp\/v2\/tags?post=16668"}],"curies":[{"name":"wp","href":"https:\/\/api.w.org\/{rel}","templated":true}]}}