{"id":16744,"date":"2026-01-11T08:51:10","date_gmt":"2026-01-11T08:51:10","guid":{"rendered":"https:\/\/www.europesays.com\/africa\/16744\/"},"modified":"2026-01-11T08:51:10","modified_gmt":"2026-01-11T08:51:10","slug":"lafrique-du-sud-estime-essentiels-ses-exercices-navals-conjoints-avec-chine-russie-et-iran","status":"publish","type":"post","link":"https:\/\/www.europesays.com\/africa\/16744\/","title":{"rendered":"L\u2019Afrique du Sud estime \u00abessentiels\u00bb ses exercices navals conjoints avec Chine, Russie et Iran"},"content":{"rendered":"<p class=\"default__StyledText-sc-10mj2vp-0 CxBBS body-paragraph\">Les exercices baptis\u00e9s \u00abVolont\u00e9 de Paix 2026\u00bb, dirig\u00e9s par la Chine, sont ouverts aux Brics+. Ces man\u0153uvres, qui r\u00e9unissent plusieurs adversaires des Etats-Unis, doivent durer une semaine.<\/p>\n<p class=\"default__StyledText-sc-10mj2vp-0 CxBBS body-paragraph\">Ils commencent peu apr\u00e8s la saisie dans l\u2019Atlantique-Nord d\u2019un p\u00e9trolier battant pavillon russe par Washington qui affirme qu\u2019il transportait du brut \u00e0 destination du Venezuela, de la Russie et de l\u2019Iran en violations de sanctions occidentales.<\/p>\n<p class=\"default__StyledText-sc-10mj2vp-0 CxBBS body-paragraph\">Cette saisie est elle-m\u00eame intervenue peu apr\u00e8s l\u2019enl\u00e8vement \u00e0 Caracas du pr\u00e9sident v\u00e9n\u00e9zu\u00e9lien Nicolas Maduro par l\u2019arm\u00e9e am\u00e9ricaine lors d\u2019une spectaculaire op\u00e9ration militaire.<\/p>\n<p class=\"default__StyledText-sc-10mj2vp-0 CxBBS body-paragraph\">Ces exercices sont \u00abune d\u00e9monstration de notre d\u00e9termination collective \u00e0 travailler ensemble\u00bb, a d\u00e9clar\u00e9 le capitaine de vaisseau Nndwakhulu Thomas Thamaha, un des commandants de la force op\u00e9rationnelle conjointe d\u00e9ploy\u00e9e \u00e0 cette occasion.<\/p>\n<p class=\"default__StyledText-sc-10mj2vp-0 CxBBS body-paragraph\">\u00abDans un environnement maritime de plus en plus complexe, une telle coop\u00e9ration n\u2019est pas une possibilit\u00e9, elle est essentielle\u00bb, a-t-il ajout\u00e9 pr\u00e9cisant que les manoeuvres visaient \u00e0 \u00abgarantir la s\u00e9curit\u00e9 des routes de navigation et des activit\u00e9s \u00e9conomiques maritimes\u00bb.<\/p>\n<p class=\"default__StyledText-sc-10mj2vp-0 CxBBS body-paragraph\">Le groupe des Brics+, acronyme des initiales de ses premiers membres &#8211; Br\u00e9sil, Russie, Inde, Chine et Afrique du Sud &#8211; s\u2019est depuis \u00e9largi \u00e0 l\u2019Egypte, l\u2019Ethiopie, l\u2019Iran, l\u2019Arabie saoudite, les Emirats arabes unis et, plus r\u00e9cemment, \u00e0 l\u2019Indon\u00e9sie.<\/p>\n<p class=\"default__StyledText-sc-10mj2vp-0 CxBBS body-paragraph\">La Chine et l\u2019Iran ont d\u00e9ploy\u00e9 des destroyers tandis que la Russie et les Emirats arabes unis ont envoy\u00e9 des corvettes. L\u2019h\u00f4te sud-africain dispose d\u2019une fr\u00e9gate.<\/p>\n<p class=\"default__StyledText-sc-10mj2vp-0 CxBBS body-paragraph\">L\u2019Indon\u00e9sie, l\u2019Ethiopie et le Br\u00e9sil sont pr\u00e9sents en tant qu\u2019observateurs.<\/p>\n<p class=\"default__StyledText-sc-10mj2vp-0 CxBBS body-paragraph\">Auparavant appel\u00e9es \u00abExercice Mosi\u00bb, ces manoeuvres \u00e9taient pr\u00e9vues en novembre, mais avaient \u00e9t\u00e9 report\u00e9es en raison du sommet du G20 qui se tenait \u00e0 la m\u00eame p\u00e9riode \u00e0 Johannesburg. Ce report n\u2019avait pas emp\u00each\u00e9 Washington de boycotter le sommet, le premier de l\u2019organisation \u00e0 se tenir en Afrique.<\/p>\n<p class=\"default__StyledText-sc-10mj2vp-0 CxBBS body-paragraph\">Le pr\u00e9sident am\u00e9ricain Donald Trump a accus\u00e9 les Brics de mener des politiques \u00abanti-am\u00e9ricaines\u00bb et menac\u00e9 ses membres de leur infliger un suppl\u00e9ment de 10% sur les droits de douane qui leur sont d\u00e9j\u00e0 impos\u00e9s.<\/p>\n<p class=\"default__StyledText-sc-10mj2vp-0 CxBBS body-paragraph\">En plus d\u2019une pr\u00e9tendue \u00abpers\u00e9cution\u00bb des Afrikaners &#8211; les descendants des premiers colons europ\u00e9ens -, l\u2019administration am\u00e9ricaine a plusieurs fois reproch\u00e9 \u00e0 Pretoria sa proximit\u00e9 avec Moscou et sa plainte pour \u00abg\u00e9nocide\u00bb, d\u00e9pos\u00e9e devant la Cour internationale de justice (CIJ), visant Isra\u00ebl pour sa guerre \u00e0 Gaza.<\/p>\n<p class=\"default__StyledText-sc-10mj2vp-0 CxBBS body-paragraph\">Par ailleurs, Washington a expuls\u00e9 l\u2019ambassadeur d\u2019Afrique du Sud aux Etats-Unis et impos\u00e9 aux produits sud-africains concern\u00e9s 30% de droits de douanes, les plus \u00e9lev\u00e9s parmi les pays d\u2019Afrique subsaharienne.<\/p>\n<p class=\"default__StyledText-sc-10mj2vp-0 CxBBS body-paragraph\">L\u2019Afrique du Sud avait \u00e9t\u00e9 la cible de critiques en 2023 pour avoir &#8211; d\u00e9j\u00e0 &#8211; accueilli des man\u0153uvres navales avec la Chine et la Russie, co\u00efncidant avec le premier anniversaire de l\u2019invasion russe en Ukraine.<\/p>\n<p>Par Le360 Afrique (avec AFP)<\/p>\n<p>Le 11\/01\/2026 \u00e0 08h07<\/p>\n","protected":false},"excerpt":{"rendered":"Les exercices baptis\u00e9s \u00abVolont\u00e9 de Paix 2026\u00bb, dirig\u00e9s par la Chine, sont ouverts aux Brics+. Ces man\u0153uvres, qui&hellip;\n","protected":false},"author":2,"featured_media":16745,"comment_status":"","ping_status":"","sticky":false,"template":"","format":"standard","meta":{"footnotes":""},"categories":[62],"tags":[64,356,10732,593,10731],"class_list":{"0":"post-16744","1":"post","2":"type-post","3":"status-publish","4":"format-standard","5":"has-post-thumbnail","7":"category-afrique","8":"tag-afrique","9":"tag-afrique-du-sud","10":"tag-armee","11":"tag-brics","12":"tag-exercice-naval"},"share_on_mastodon":{"url":"","error":""},"_links":{"self":[{"href":"https:\/\/www.europesays.com\/africa\/wp-json\/wp\/v2\/posts\/16744","targetHints":{"allow":["GET"]}}],"collection":[{"href":"https:\/\/www.europesays.com\/africa\/wp-json\/wp\/v2\/posts"}],"about":[{"href":"https:\/\/www.europesays.com\/africa\/wp-json\/wp\/v2\/types\/post"}],"author":[{"embeddable":true,"href":"https:\/\/www.europesays.com\/africa\/wp-json\/wp\/v2\/users\/2"}],"replies":[{"embeddable":true,"href":"https:\/\/www.europesays.com\/africa\/wp-json\/wp\/v2\/comments?post=16744"}],"version-history":[{"count":0,"href":"https:\/\/www.europesays.com\/africa\/wp-json\/wp\/v2\/posts\/16744\/revisions"}],"wp:featuredmedia":[{"embeddable":true,"href":"https:\/\/www.europesays.com\/africa\/wp-json\/wp\/v2\/media\/16745"}],"wp:attachment":[{"href":"https:\/\/www.europesays.com\/africa\/wp-json\/wp\/v2\/media?parent=16744"}],"wp:term":[{"taxonomy":"category","embeddable":true,"href":"https:\/\/www.europesays.com\/africa\/wp-json\/wp\/v2\/categories?post=16744"},{"taxonomy":"post_tag","embeddable":true,"href":"https:\/\/www.europesays.com\/africa\/wp-json\/wp\/v2\/tags?post=16744"}],"curies":[{"name":"wp","href":"https:\/\/api.w.org\/{rel}","templated":true}]}}