{"id":16767,"date":"2026-01-11T09:09:06","date_gmt":"2026-01-11T09:09:06","guid":{"rendered":"https:\/\/www.europesays.com\/africa\/16767\/"},"modified":"2026-01-11T09:09:06","modified_gmt":"2026-01-11T09:09:06","slug":"can-2025-arbitre-escorte-et-poursuivi-jusquaux-vestiaires-declarations-ameres-lalgerie-ne-decolere-pas-et-cible-larbitrage","status":"publish","type":"post","link":"https:\/\/www.europesays.com\/africa\/16767\/","title":{"rendered":"CAN 2025 : Arbitre escort\u00e9 et poursuivi jusqu\u2019aux vestiaires, d\u00e9clarations am\u00e8res\u2026 l\u2019Alg\u00e9rie ne d\u00e9col\u00e8re pas et cible l\u2019arbitrage"},"content":{"rendered":"<p class=\"paragraph text_align_left lp-f-body-02\">Une d\u00e9faite dure \u00e0 dig\u00e9rer. <a href=\"https:\/\/www.leparisien.fr\/sports\/football\/coupe-d-afrique-des-nations\/algerie-nigeria-0-2-les-super-eagles-dominent-de-timides-fennecs-et-rejoignent-le-maroc-en-demi-finale-de-la-can-10-01-2026-2VUSAFBFJREBRGBPJPFY5I75EA.php\" target=\"_self\" rel=\"nofollow noopener\">Battue par le Nigeria ce samedi en quarts de finale<\/a>, l\u2019Alg\u00e9rie a quitt\u00e9 <a href=\"https:\/\/www.leparisien.fr\/sports\/football\/coupe-d-afrique-des-nations\/\" target=\"_self\" rel=\"nofollow noopener\">la Coupe d\u2019Afrique des nations 2025<\/a> par la petite porte. Domin\u00e9s dans tous les compartiments du jeu, les Fennecs sont pass\u00e9s \u00e0 c\u00f4t\u00e9 de leur rendez-vous, loin de la belle image montr\u00e9e en phase de poules.<\/p>\n<p class=\"\">Mais si ce revers face aux Super Eagles de <a href=\"https:\/\/www.leparisien.fr\/sports\/football\/coupe-d-afrique-des-nations\/can-2025-aucun-probleme-le-nigeria-eteint-la-rumeur-dun-depart-dosimhen-apres-sa-brouille-avec-lookman-07-01-2026-QCGIEQUGQ5HRBCOZ5YPCTUJLCA.php\" target=\"_self\" rel=\"nofollow noopener\">Victor Osimhen<\/a> ne passe pas pour les joueurs alg\u00e9riens, c\u2019est surtout parce que ces derniers s\u2019estiment l\u00e9s\u00e9s par l\u2019arbitrage. En cause : une situation intervenue en d\u00e9but de rencontre, lorsque Issa Sy, l\u2019officiel s\u00e9n\u00e9galais en charge de la partie, a choisi de ne pas d\u00e9signer le point de p\u00e9nalty <a href=\"https:\/\/www.leparisien.fr\/sports\/football\/coupe-d-afrique-des-nations\/algerie-nigeria-0-2-le-penalty-non-siffle-pour-les-fennecs-sur-une-main-dajayi-va-faire-polemique-10-01-2026-HPUYRAS2N5BP7ON5JMPFXAUKMM.php\" target=\"_self\" rel=\"nofollow noopener\">\u00e0 la suite d\u2019une main plut\u00f4t \u00e9vidente de Junior Ajayi<\/a> dans la surface de r\u00e9paration \u00e0 la 12e minute. L\u2019homme au sifflet n\u2019a m\u00eame pas \u00e9t\u00e9 invit\u00e9 \u00e0 revisionner les images par la VAR.<\/p>\n<p>L\u2019arbitre chahut\u00e9 jusqu\u2019\u00e0 son vestiaire<\/p>\n<p class=\"\">Une d\u00e9cision pas du tout comprise par les hommes de Vladimir Petkovic, tr\u00e8s remont\u00e9s au terme de la partie. D\u00e9termin\u00e9s \u00e0 exprimer leur frustration aupr\u00e8s du corps arbitral, <a href=\"https:\/\/www.leparisien.fr\/sports\/football\/coupe-d-afrique-des-nations\/algerie-nigeria-0-2-lexplication-musclee-entre-luca-zidane-et-un-joueur-nigerian-a-la-fin-du-match-10-01-2026-LBTGRXJYOND5NOWCD55246HAE4.php\" target=\"_self\" rel=\"nofollow noopener\">plusieurs joueurs et membres du staff des Verts se sont montr\u00e9s tr\u00e8s v\u00e9h\u00e9ments<\/a> une fois le coup de sifflet final donn\u00e9, for\u00e7ant m\u00eame les agents de s\u00e9curit\u00e9 \u00e0 cr\u00e9er un cordon autour de M. Sy et ses assistants pour leur permettre de quitter la pelouse du <a href=\"https:\/\/www.leparisien.fr\/sports\/football\/coupe-d-afrique-des-nations\/can-2025-rabat-tanger-casablanca-la-liste-complete-des-stades-de-la-competition-21-12-2025-YGODZLPOCVAM7IVGX6HS2S5JTY.php\" target=\"_self\" rel=\"nofollow noopener\">Grand Stade de Marrakech<\/a>, pendant qu\u2019une \u00e9chauffour\u00e9e g\u00e9n\u00e9rale \u00e9clatait entre les 22 acteurs, dont <a href=\"https:\/\/www.leparisien.fr\/sports\/football\/coupe-d-afrique-des-nations\/algerie-nigeria-0-2-febrilite-buts-encaisses-et-embrouille-en-fin-de-match-la-soiree-difficile-de-luca-zidane-en-quarts-de-la-can-10-01-2026-CFHVLFVNURFRTGVJC3O4B5BC44.php\" target=\"_self\" rel=\"nofollow noopener\">Luca Zidane dans une col\u00e8re noire<\/a>.<\/p>\n<p class=\"\">Mais les incidents ne se sont pas arr\u00eat\u00e9s l\u00e0 et la tension n\u2019est pas redescendue dans les couloirs. Selon plusieurs m\u00e9dias marocains pr\u00e9sents sur place, les Alg\u00e9riens auraient poursuivi l\u2019arbitre jusqu\u2019\u00e0 l\u2019entr\u00e9e de son vestiaire.<\/p>\n<p class=\"\">Une vid\u00e9o capt\u00e9e par le m\u00e9dia ind\u00e9pendant Daily24.ma t\u00e9moigne d\u2019une sc\u00e8ne chaotique dans laquelle le trio arbitral est chahut\u00e9 par plusieurs membres du staff technique des Fennecs et par le lat\u00e9ral droit Rafik Belghali, visiblement tr\u00e8s \u00e9nerv\u00e9.<\/p>\n<p>\u00ab Je d\u00e9teste parler d\u2019arbitrage mais\u2026 \u00bb<\/p>\n<p class=\"\">Le calme a fini par revenir quelques instants plus tard, sans que l\u2019amertume ne quitte la bouche des Alg\u00e9riens, toujours d\u00e9pit\u00e9s en zone mixte. \u00ab Je d\u00e9teste parler d\u2019arbitrage apr\u00e8s une d\u00e9faite mais\u2026 c\u2019est vrai qu\u2019il y avait p\u00e9nalty pour nous en premi\u00e8re mi-temps, puis plein de fautes et cartons non siffl\u00e9s \u00bb, a notamment souffl\u00e9 <a href=\"https:\/\/www.leparisien.fr\/sports\/football\/coupe-d-afrique-des-nations\/algerie-nigeria-cette-can-sera-ma-derniere-annonce-riyad-mahrez-a-la-veille-du-quart-de-finale-des-fennecs-09-01-2026-TH6QC22QOFARVAILTTSIOAETNI.php\" target=\"_self\" rel=\"nofollow noopener\">le capitaine Riyad Mahrez<\/a> face \u00e0 la presse.<\/p>\n<p class=\"\">\u00ab Tout le monde a vu (la main nig\u00e9riane). Ce n\u2019est pas \u00e0 cause de \u00e7a qu\u2019on a perdu. Mais l\u2019arbitre sortait des cartons tr\u00e8s facilement alors que quand c\u2019est nous (les victimes des fautes), il ne sort pas. Ce sont des petits d\u00e9tails, le haut niveau se joue sur des petits d\u00e9tails. C\u2019est le football \u00bb, a-t-il regrett\u00e9, sur la m\u00eame ligne qu\u2019A\u00efssa Mandi.<\/p>\n<p class=\"\">\u00ab Tout ce que j\u2019ai \u00e0 dire, c\u2019est que le Nigeria n\u2019a pas besoin de \u00e7a \u00bb, a sous-entendu le d\u00e9fenseur central lillois. \u00ab C\u2019est une grande \u00e9quipe, qui arrive \u00e0 maturit\u00e9, avec de grands joueurs. Ils n\u2019avaient pas besoin de \u00e7a pour \u00eatre bons, pour performer, ils l\u2019ont montr\u00e9 tout au long de la CAN. C\u2019est vrai que c\u2019est un peu dommage. \u00bb<\/p>\n<p class=\"\">\u00ab C\u2019est un tout. L\u2019arbitre doit siffler, en premi\u00e8re mi-temps, le centre de Far\u00e8s (Cha\u00efbi) o\u00f9 il y a clairement main dans la surface \u00bb, a regrett\u00e9, de son c\u00f4t\u00e9, Rayan A\u00eft-Nouri. \u00ab Il y a \u00e9norm\u00e9ment de fautes qu\u2019il ne siffle pas. C\u2019est s\u00fbr que c\u2019est frustrant. \u00bb<\/p>\n","protected":false},"excerpt":{"rendered":"Une d\u00e9faite dure \u00e0 dig\u00e9rer. Battue par le Nigeria ce samedi en quarts de finale, l\u2019Alg\u00e9rie a quitt\u00e9&hellip;\n","protected":false},"author":2,"featured_media":16768,"comment_status":"","ping_status":"","sticky":false,"template":"","format":"standard","meta":{"footnotes":""},"categories":[254],"tags":[255,360,311,264],"class_list":{"0":"post-16767","1":"post","2":"type-post","3":"status-publish","4":"format-standard","5":"has-post-thumbnail","7":"category-algerie","8":"tag-algerie","9":"tag-can","10":"tag-football","11":"tag-sports"},"share_on_mastodon":{"url":"","error":""},"_links":{"self":[{"href":"https:\/\/www.europesays.com\/africa\/wp-json\/wp\/v2\/posts\/16767","targetHints":{"allow":["GET"]}}],"collection":[{"href":"https:\/\/www.europesays.com\/africa\/wp-json\/wp\/v2\/posts"}],"about":[{"href":"https:\/\/www.europesays.com\/africa\/wp-json\/wp\/v2\/types\/post"}],"author":[{"embeddable":true,"href":"https:\/\/www.europesays.com\/africa\/wp-json\/wp\/v2\/users\/2"}],"replies":[{"embeddable":true,"href":"https:\/\/www.europesays.com\/africa\/wp-json\/wp\/v2\/comments?post=16767"}],"version-history":[{"count":0,"href":"https:\/\/www.europesays.com\/africa\/wp-json\/wp\/v2\/posts\/16767\/revisions"}],"wp:featuredmedia":[{"embeddable":true,"href":"https:\/\/www.europesays.com\/africa\/wp-json\/wp\/v2\/media\/16768"}],"wp:attachment":[{"href":"https:\/\/www.europesays.com\/africa\/wp-json\/wp\/v2\/media?parent=16767"}],"wp:term":[{"taxonomy":"category","embeddable":true,"href":"https:\/\/www.europesays.com\/africa\/wp-json\/wp\/v2\/categories?post=16767"},{"taxonomy":"post_tag","embeddable":true,"href":"https:\/\/www.europesays.com\/africa\/wp-json\/wp\/v2\/tags?post=16767"}],"curies":[{"name":"wp","href":"https:\/\/api.w.org\/{rel}","templated":true}]}}