{"id":16786,"date":"2026-01-11T09:21:40","date_gmt":"2026-01-11T09:21:40","guid":{"rendered":"https:\/\/www.europesays.com\/africa\/16786\/"},"modified":"2026-01-11T09:21:40","modified_gmt":"2026-01-11T09:21:40","slug":"1000-jours-de-guerre-au-soudan-le-conflit-senlise-et-les-civils-paient-un-lourd-tribut-journal-de-lafrique","status":"publish","type":"post","link":"https:\/\/www.europesays.com\/africa\/16786\/","title":{"rendered":"1000 jours de guerre au Soudan, le conflit s&#8217;enlise et les civils paient un lourd tribut &#8211; Journal de l&#8217;Afrique"},"content":{"rendered":"<p>A retrouver dans l\u2019\u00e9mission<\/p>\n<p>    <img fetchpriority=\"low\" decoding=\"async\" src=\"https:\/\/s.france24.com\/media\/display\/97ddb71c-0e81-11ee-800e-005056bfb2b6\/FR-le-journal-de-l-afrique.svg\"  alt=\"Journal de l'Afrique\" loading=\"lazy\" class=\"a-img  a-img--svg\"\/><\/p>\n<p>\n                                                Elle a fait des centaines de milliers de morts et 12 millions de d\u00e9plac\u00e9s, cr\u00e9ant ainsi la plus grave crise humanitaire au monde. Ce Samedi Marque les 1000 jours depuis que la guerre au Soudan opposant l&#8217;arm\u00e9e dirig\u00e9e par le G\u00e9n\u00e9ral Al Burhan aux paramilitaires des Forces de Soutien Rapide men\u00e9s par Hemedti Dagolo \u00e0 \u00e9clater, d\u00e9chirant le pays.                    <\/p>\n<p>En Tunisie, cinq jours avant la c\u00e9l\u00e9bration du 15\u00e8me anniversaire de la chute du Pr\u00e9sident Ben Ali le 14 janvier, l&#8217;opposition politique est de nouveau dans la rue pour d\u00e9noncer la r\u00e9pression et l&#8217;injustice dans un climat politique tendu. Entre 1500 et 2000 personnes ont d\u00e9fil\u00e9 dans les rues de Tunis, militants de la soci\u00e9t\u00e9 civile et partis politiques confondus avec des slogans contre le Pr\u00e9sident Ka\u00efs Sa\u00efed.<\/p>\n<p>Alors que le pr\u00e9sident Bassirou Diomaye Faye vient tout juste de prononcer le mot f\u00e9minicide pour la premi\u00e8re fois dans un discours officiel, des militantes tirent la sonnette d\u2019alarme. En 2025, au moins 18 femmes ont \u00e9t\u00e9 tu\u00e9es par leur conjoint ou un proche. Les organisations de d\u00e9fense des droits des femmes sont depuis mont\u00e9es au cr\u00e9neau. Elles r\u00e9clament des sanctions exemplaires contre les hommes qui tuent des femmes et demande son inscription dans le code p\u00e9nal.\u00a0Suzanne Sy, militante f\u00e9ministe et panafricaine, membre du collectif \u00ab\u00a0Luy Jot Jot na\u00a0\u00bb \u00e9tait avec nous pour en parler.<\/p>\n","protected":false},"excerpt":{"rendered":"A retrouver dans l\u2019\u00e9mission Elle a fait des centaines de milliers de morts et 12 millions de d\u00e9plac\u00e9s,&hellip;\n","protected":false},"author":2,"featured_media":16787,"comment_status":"","ping_status":"","sticky":false,"template":"","format":"standard","meta":{"footnotes":""},"categories":[62],"tags":[10750,64,2681,10752,10749,10751,1005,1571],"class_list":{"0":"post-16786","1":"post","2":"type-post","3":"status-publish","4":"format-standard","5":"has-post-thumbnail","7":"category-afrique","8":"tag-abdel-fattah-al-burhane","9":"tag-afrique","10":"tag-journal-de-lafrique","11":"tag-manifestations","12":"tag-mohamed-hamdane-daglo","13":"tag-refugies","14":"tag-soudan","15":"tag-tunisie"},"share_on_mastodon":{"url":"","error":""},"_links":{"self":[{"href":"https:\/\/www.europesays.com\/africa\/wp-json\/wp\/v2\/posts\/16786","targetHints":{"allow":["GET"]}}],"collection":[{"href":"https:\/\/www.europesays.com\/africa\/wp-json\/wp\/v2\/posts"}],"about":[{"href":"https:\/\/www.europesays.com\/africa\/wp-json\/wp\/v2\/types\/post"}],"author":[{"embeddable":true,"href":"https:\/\/www.europesays.com\/africa\/wp-json\/wp\/v2\/users\/2"}],"replies":[{"embeddable":true,"href":"https:\/\/www.europesays.com\/africa\/wp-json\/wp\/v2\/comments?post=16786"}],"version-history":[{"count":0,"href":"https:\/\/www.europesays.com\/africa\/wp-json\/wp\/v2\/posts\/16786\/revisions"}],"wp:featuredmedia":[{"embeddable":true,"href":"https:\/\/www.europesays.com\/africa\/wp-json\/wp\/v2\/media\/16787"}],"wp:attachment":[{"href":"https:\/\/www.europesays.com\/africa\/wp-json\/wp\/v2\/media?parent=16786"}],"wp:term":[{"taxonomy":"category","embeddable":true,"href":"https:\/\/www.europesays.com\/africa\/wp-json\/wp\/v2\/categories?post=16786"},{"taxonomy":"post_tag","embeddable":true,"href":"https:\/\/www.europesays.com\/africa\/wp-json\/wp\/v2\/tags?post=16786"}],"curies":[{"name":"wp","href":"https:\/\/api.w.org\/{rel}","templated":true}]}}