{"id":16792,"date":"2026-01-11T09:24:21","date_gmt":"2026-01-11T09:24:21","guid":{"rendered":"https:\/\/www.europesays.com\/africa\/16792\/"},"modified":"2026-01-11T09:24:21","modified_gmt":"2026-01-11T09:24:21","slug":"un-nouveau-ne-retrouve-abandonne-pres-du-stade-de-malika","status":"publish","type":"post","link":"https:\/\/www.europesays.com\/africa\/16792\/","title":{"rendered":"Un nouveau-n\u00e9 retrouv\u00e9 abandonn\u00e9 pr\u00e8s du stade de Malika"},"content":{"rendered":"<p class=\"firstp\">Hier matin, vers 9 heures, un nouveau-n\u00e9 de sexe masculin a \u00e9t\u00e9 d\u00e9couvert abandonn\u00e9 dans une ruelle adjacente au stade municipal de Malika. C\u2019est Mme M. Sall, une habitante du quartier, qui a alert\u00e9 les autorit\u00e9s apr\u00e8s avoir entendu les cris du b\u00e9b\u00e9 alors qu\u2019elle se rendait \u00e0 sa boutique.<\/p>\n<p>Selon les premiers constats des forces de l\u2019ordre, le nourrisson \u00e9tait vivant, portait encore son cordon ombilical et ne pr\u00e9sentait aucun signe apparent de blessure. Il \u00e9tait envelopp\u00e9 dans un linge, que Mme Sall a utilis\u00e9 pour le couvrir imm\u00e9diatement apr\u00e8s sa d\u00e9couverte. Elle raconte : \u00ab Il \u00e9tait sur le sol, sans aucune couverture. J\u2019ai d\u00e9nou\u00e9 l\u2019un de mes pagnes pour le prot\u00e9ger avant de pr\u00e9venir la police et les sapeurs-pompiers. \u00bb\n<\/p>\n<p>Une fois inform\u00e9, le commissariat de <a href=\"https:\/\/www.senenews.com\/actualites\/film-dune-horreur-un-nouveau-ne-retrouve-abandonne-pres-du-stade-municipal-de-malika_572140.html\" rel=\"nofollow noopener\" target=\"_blank\">Malika<\/a> a d\u00e9p\u00each\u00e9 un transport sur les lieux. Les limiers ont pu confirmer que le b\u00e9b\u00e9 semblait \u00eatre n\u00e9 dans la nuit du 8 au 9 janvier 2026. Les autorit\u00e9s ont pris en charge le nourrisson, qui a \u00e9t\u00e9 transf\u00e9r\u00e9 vers un centre de sant\u00e9 afin de recevoir les soins n\u00e9cessaires et garantir sa s\u00e9curit\u00e9.<\/p>\n","protected":false},"excerpt":{"rendered":"Hier matin, vers 9 heures, un nouveau-n\u00e9 de sexe masculin a \u00e9t\u00e9 d\u00e9couvert abandonn\u00e9 dans une ruelle adjacente&hellip;\n","protected":false},"author":2,"featured_media":16793,"comment_status":"","ping_status":"","sticky":false,"template":"","format":"standard","meta":{"footnotes":""},"categories":[48],"tags":[10758,159,163,239],"class_list":{"0":"post-16792","1":"post","2":"type-post","3":"status-publish","4":"format-standard","5":"has-post-thumbnail","7":"category-senegal","8":"tag-nouveau-ne","9":"tag-senegal","10":"tag-senegal-actualites","11":"tag-societe"},"share_on_mastodon":{"url":"","error":""},"_links":{"self":[{"href":"https:\/\/www.europesays.com\/africa\/wp-json\/wp\/v2\/posts\/16792","targetHints":{"allow":["GET"]}}],"collection":[{"href":"https:\/\/www.europesays.com\/africa\/wp-json\/wp\/v2\/posts"}],"about":[{"href":"https:\/\/www.europesays.com\/africa\/wp-json\/wp\/v2\/types\/post"}],"author":[{"embeddable":true,"href":"https:\/\/www.europesays.com\/africa\/wp-json\/wp\/v2\/users\/2"}],"replies":[{"embeddable":true,"href":"https:\/\/www.europesays.com\/africa\/wp-json\/wp\/v2\/comments?post=16792"}],"version-history":[{"count":0,"href":"https:\/\/www.europesays.com\/africa\/wp-json\/wp\/v2\/posts\/16792\/revisions"}],"wp:featuredmedia":[{"embeddable":true,"href":"https:\/\/www.europesays.com\/africa\/wp-json\/wp\/v2\/media\/16793"}],"wp:attachment":[{"href":"https:\/\/www.europesays.com\/africa\/wp-json\/wp\/v2\/media?parent=16792"}],"wp:term":[{"taxonomy":"category","embeddable":true,"href":"https:\/\/www.europesays.com\/africa\/wp-json\/wp\/v2\/categories?post=16792"},{"taxonomy":"post_tag","embeddable":true,"href":"https:\/\/www.europesays.com\/africa\/wp-json\/wp\/v2\/tags?post=16792"}],"curies":[{"name":"wp","href":"https:\/\/api.w.org\/{rel}","templated":true}]}}