{"id":16888,"date":"2026-01-11T10:42:09","date_gmt":"2026-01-11T10:42:09","guid":{"rendered":"https:\/\/www.europesays.com\/africa\/16888\/"},"modified":"2026-01-11T10:42:09","modified_gmt":"2026-01-11T10:42:09","slug":"rabat-le-rni-tient-la-session-ordinaire-de-son-conseil-national","status":"publish","type":"post","link":"https:\/\/www.europesays.com\/africa\/16888\/","title":{"rendered":"Rabat : Le RNI tient la session ordinaire de son Conseil national"},"content":{"rendered":"<p><img loading=\"lazy\" decoding=\"async\" class=\"aligncenter wp-image-445396 size-full\" src=\"https:\/\/www.europesays.com\/africa\/wp-content\/uploads\/2026\/01\/1768128129_41_akhannouch_tt_800_1_0_0.jpg\" alt=\"\" width=\"800\" height=\"400\"  \/><\/p>\n<p>Le Rassemblement National des Ind\u00e9pendants (RNI) a tenu sa session ordinaire \u00e0 Rabat, o\u00f9 Aziz Akhannouch a soulign\u00e9 l\u2019importance de cette \u00e9tape organisationnelle, affirmant que le Maroc avance vers un d\u00e9veloppement profond, soutenu par des \u00e9v\u00e9nements comme la Coupe d\u2019Afrique 2025 et la Coupe du Monde 2030.<\/p>\n<p>Ces projets stimulent les investissements et renforcent la position strat\u00e9gique du pays. Akhannouch a mis en avant le d\u00e9veloppement comme une culture citoyenne collective et a pr\u00e9sent\u00e9 les r\u00e9alisations de son gouvernement pour 2025, r\u00e9affirmant l\u2019engagement du RNI dans les r\u00e9formes et le d\u00e9veloppement sous la direction du Roi Mohammed VI.<\/p>\n<p>Le Conseil national a approuv\u00e9 les comptes annuels 2025 et le budget 2026, saluant la diplomatie royale, notamment sur la question du Sahara. Il a \u00e9galement lou\u00e9 les initiatives gouvernementales en mati\u00e8re de gestion de l\u2019eau et soulign\u00e9 les avanc\u00e9es du programme gouvernemental.<\/p>\n<p>Le Conseil a r\u00e9affirm\u00e9 son soutien aux Hautes Orientations Royales concernant l\u2019\u00c9tat social et le d\u00e9veloppement territorial. Enfin, la c\u00e9l\u00e9bration du Nouvel An amazigh a \u00e9t\u00e9 salu\u00e9e comme un geste symbolique pour la reconnaissance de l\u2019amazighit\u00e9 comme part de l\u2019identit\u00e9 nationale.<\/p>\n","protected":false},"excerpt":{"rendered":"Le Rassemblement National des Ind\u00e9pendants (RNI) a tenu sa session ordinaire \u00e0 Rabat, o\u00f9 Aziz Akhannouch a soulign\u00e9&hellip;\n","protected":false},"author":2,"featured_media":16889,"comment_status":"","ping_status":"","sticky":false,"template":"","format":"standard","meta":{"footnotes":""},"categories":[41],"tags":[158],"class_list":{"0":"post-16888","1":"post","2":"type-post","3":"status-publish","4":"format-standard","5":"has-post-thumbnail","7":"category-maroc","8":"tag-maroc"},"share_on_mastodon":{"url":"","error":""},"_links":{"self":[{"href":"https:\/\/www.europesays.com\/africa\/wp-json\/wp\/v2\/posts\/16888","targetHints":{"allow":["GET"]}}],"collection":[{"href":"https:\/\/www.europesays.com\/africa\/wp-json\/wp\/v2\/posts"}],"about":[{"href":"https:\/\/www.europesays.com\/africa\/wp-json\/wp\/v2\/types\/post"}],"author":[{"embeddable":true,"href":"https:\/\/www.europesays.com\/africa\/wp-json\/wp\/v2\/users\/2"}],"replies":[{"embeddable":true,"href":"https:\/\/www.europesays.com\/africa\/wp-json\/wp\/v2\/comments?post=16888"}],"version-history":[{"count":0,"href":"https:\/\/www.europesays.com\/africa\/wp-json\/wp\/v2\/posts\/16888\/revisions"}],"wp:featuredmedia":[{"embeddable":true,"href":"https:\/\/www.europesays.com\/africa\/wp-json\/wp\/v2\/media\/16889"}],"wp:attachment":[{"href":"https:\/\/www.europesays.com\/africa\/wp-json\/wp\/v2\/media?parent=16888"}],"wp:term":[{"taxonomy":"category","embeddable":true,"href":"https:\/\/www.europesays.com\/africa\/wp-json\/wp\/v2\/categories?post=16888"},{"taxonomy":"post_tag","embeddable":true,"href":"https:\/\/www.europesays.com\/africa\/wp-json\/wp\/v2\/tags?post=16888"}],"curies":[{"name":"wp","href":"https:\/\/api.w.org\/{rel}","templated":true}]}}