{"id":16939,"date":"2026-01-11T11:26:36","date_gmt":"2026-01-11T11:26:36","guid":{"rendered":"https:\/\/www.europesays.com\/africa\/16939\/"},"modified":"2026-01-11T11:26:36","modified_gmt":"2026-01-11T11:26:36","slug":"un-septuagenaire-decede-en-plein-massage","status":"publish","type":"post","link":"https:\/\/www.europesays.com\/africa\/16939\/","title":{"rendered":"un septuag\u00e9naire d\u00e9c\u00e8de en plein massage"},"content":{"rendered":"<p data-originalcomputedfontsize=\"16\" data-removefontsize=\"true\" style=\"font-size: 1rem; -webkit-text-size-adjust: auto; caret-color: rgb(212, 212, 213); font-family: -apple-system, sans-serif; word-spacing: 1px; -webkit-tap-highlight-color: rgba(255, 255, 255, 0.25); border-color: rgb(49, 49, 49); color: rgb(49, 49, 49);\">Un moment de d\u00e9tente s\u2019est transform\u00e9 en sc\u00e8ne de stupeur sur la Petite C\u00f4te. \u00c0 Saly Portudal, un homme de nationalit\u00e9 fran\u00e7aise, \u00e2g\u00e9 de 71 ans, est d\u00e9c\u00e9d\u00e9 subitement au cours d\u2019une s\u00e9ance de massage, dans un salon install\u00e9 sur la plage Safari. Un drame aussi soudain qu\u2019inattendu, rapport\u00e9 par L\u2019Observateur, qui a profond\u00e9ment choqu\u00e9 les t\u00e9moins et les acteurs de cette journ\u00e9e pourtant ordinaire. <\/p>\n<p style=\"-webkit-text-size-adjust: auto; caret-color: rgb(212, 212, 213); font-family: -apple-system, sans-serif; word-spacing: 1px; -webkit-tap-highlight-color: rgba(255, 255, 255, 0.25); border-color: rgb(49, 49, 49); color: rgb(49, 49, 49);\">\u00a0 <\/p>\n<p data-originalcomputedfontsize=\"16\" data-removefontsize=\"true\" style=\"font-size: 1rem; -webkit-text-size-adjust: auto; caret-color: rgb(212, 212, 213); font-family: -apple-system, sans-serif; word-spacing: 1px; -webkit-tap-highlight-color: rgba(255, 255, 255, 0.25); border-color: rgb(49, 49, 49); color: rgb(49, 49, 49);\">Les faits se sont d\u00e9roul\u00e9s avant-hier jeudi, aux environs de 16 heures, dans ce haut lieu touristique r\u00e9put\u00e9 pour ses activit\u00e9s de bien-\u00eatre et de relaxation. Gilles R\u00e9my C., ressortissant fran\u00e7ais \u00e9tabli \u00e0 Saly depuis plusieurs ann\u00e9es, s\u2019\u00e9tait rendu dans un salon de massage en bord de mer pour une s\u00e9ance de d\u00e9tente, sans se douter que ce moment serait son dernier. <\/p>\n<p style=\"-webkit-text-size-adjust: auto; caret-color: rgb(212, 212, 213); font-family: -apple-system, sans-serif; word-spacing: 1px; -webkit-tap-highlight-color: rgba(255, 255, 255, 0.25); border-color: rgb(49, 49, 49); color: rgb(49, 49, 49);\">\u00a0 <\/p>\n<p style=\"-webkit-text-size-adjust: auto; caret-color: rgb(212, 212, 213); font-family: -apple-system, sans-serif; word-spacing: 1px; -webkit-tap-highlight-color: rgba(255, 255, 255, 0.25); border-color: rgb(49, 49, 49); color: rgb(49, 49, 49);\">\u00a0 <\/p>\n<p>Une s\u00e9ance de d\u00e9tente fatale    <\/p>\n<p style=\"-webkit-text-size-adjust: auto; caret-color: rgb(212, 212, 213); font-family: -apple-system, sans-serif; word-spacing: 1px; -webkit-tap-highlight-color: rgba(255, 255, 255, 0.25); border-color: rgb(49, 49, 49); color: rgb(49, 49, 49);\">\u00a0 <\/p>\n<p style=\"-webkit-text-size-adjust: auto; caret-color: rgb(212, 212, 213); font-family: -apple-system, sans-serif; word-spacing: 1px; -webkit-tap-highlight-color: rgba(255, 255, 255, 0.25); border-color: rgb(49, 49, 49); color: rgb(49, 49, 49);\">\u00a0 <\/p>\n<p data-originalcomputedfontsize=\"16\" data-removefontsize=\"true\" style=\"font-size: 1rem; -webkit-text-size-adjust: auto; caret-color: rgb(212, 212, 213); font-family: -apple-system, sans-serif; word-spacing: 1px; -webkit-tap-highlight-color: rgba(255, 255, 255, 0.25); border-color: rgb(49, 49, 49); color: rgb(49, 49, 49);\">Selon L\u2019Observateur, le septuag\u00e9naire est accueilli par de jeunes masseuses qui l\u2019installent dans leur local. Apr\u00e8s s\u2019\u00eatre d\u00e9shabill\u00e9, il s\u2019allonge sur la table de massage, torse nu, pr\u00eat \u00e0 recevoir les soins. La s\u00e9ance d\u00e9bute normalement, les jeunes femmes prodiguant un massage complet \u00e0 leur client. <\/p>\n<p style=\"-webkit-text-size-adjust: auto; caret-color: rgb(212, 212, 213); font-family: -apple-system, sans-serif; word-spacing: 1px; -webkit-tap-highlight-color: rgba(255, 255, 255, 0.25); border-color: rgb(49, 49, 49); color: rgb(49, 49, 49);\">\u00a0 <\/p>\n<p data-originalcomputedfontsize=\"16\" data-removefontsize=\"true\" style=\"font-size: 1rem; -webkit-text-size-adjust: auto; caret-color: rgb(212, 212, 213); font-family: -apple-system, sans-serif; word-spacing: 1px; -webkit-tap-highlight-color: rgba(255, 255, 255, 0.25); border-color: rgb(49, 49, 49); color: rgb(49, 49, 49);\">Quelques minutes plus tard, l\u2019homme commence \u00e0 pr\u00e9senter des signes inhabituels. Les masseuses interpr\u00e8tent d\u2019abord son \u00e9tat comme une simple somnolence, cons\u00e9quence logique de la relaxation. En r\u00e9alit\u00e9, Gilles R\u00e9my venait de faire un malaise et avait d\u00e9j\u00e0 perdu connaissance. Ignorant la gravit\u00e9 de la situation, les masseuses poursuivent le massage, sans se rendre compte que l\u2019homme ne r\u00e9agissait plus. <\/p>\n<p style=\"-webkit-text-size-adjust: auto; caret-color: rgb(212, 212, 213); font-family: -apple-system, sans-serif; word-spacing: 1px; -webkit-tap-highlight-color: rgba(255, 255, 255, 0.25); border-color: rgb(49, 49, 49); color: rgb(49, 49, 49);\">\u00a0 <\/p>\n<p style=\"-webkit-text-size-adjust: auto; caret-color: rgb(212, 212, 213); font-family: -apple-system, sans-serif; word-spacing: 1px; -webkit-tap-highlight-color: rgba(255, 255, 255, 0.25); border-color: rgb(49, 49, 49); color: rgb(49, 49, 49);\">\u00a0 <\/p>\n<p>La panique apr\u00e8s la d\u00e9couverte de l\u2019inertie    <\/p>\n<p style=\"-webkit-text-size-adjust: auto; caret-color: rgb(212, 212, 213); font-family: -apple-system, sans-serif; word-spacing: 1px; -webkit-tap-highlight-color: rgba(255, 255, 255, 0.25); border-color: rgb(49, 49, 49); color: rgb(49, 49, 49);\">\u00a0 <\/p>\n<p style=\"-webkit-text-size-adjust: auto; caret-color: rgb(212, 212, 213); font-family: -apple-system, sans-serif; word-spacing: 1px; -webkit-tap-highlight-color: rgba(255, 255, 255, 0.25); border-color: rgb(49, 49, 49); color: rgb(49, 49, 49);\">\u00a0 <\/p>\n<p data-originalcomputedfontsize=\"16\" data-removefontsize=\"true\" style=\"font-size: 1rem; -webkit-text-size-adjust: auto; caret-color: rgb(212, 212, 213); font-family: -apple-system, sans-serif; word-spacing: 1px; -webkit-tap-highlight-color: rgba(255, 255, 255, 0.25); border-color: rgb(49, 49, 49); color: rgb(49, 49, 49);\">Ce n\u2019est qu\u2019\u00e0 la fin de la s\u00e9ance que les jeunes femmes s\u2019\u00e9tonnent de l\u2019inertie totale du corps. Prises de panique, elles alertent imm\u00e9diatement des baigneurs pr\u00e9sents sur la plage Safari. Ces derniers pr\u00e9viennent \u00e0 leur tour les \u00e9l\u00e9ments du commissariat urbain de Saly Portudal, qui se rendent rapidement sur les lieux. <\/p>\n<p style=\"-webkit-text-size-adjust: auto; caret-color: rgb(212, 212, 213); font-family: -apple-system, sans-serif; word-spacing: 1px; -webkit-tap-highlight-color: rgba(255, 255, 255, 0.25); border-color: rgb(49, 49, 49); color: rgb(49, 49, 49);\">\u00a0 <\/p>\n<p data-originalcomputedfontsize=\"16\" data-removefontsize=\"true\" style=\"font-size: 1rem; -webkit-text-size-adjust: auto; caret-color: rgb(212, 212, 213); font-family: -apple-system, sans-serif; word-spacing: 1px; -webkit-tap-highlight-color: rgba(255, 255, 255, 0.25); border-color: rgb(49, 49, 49); color: rgb(49, 49, 49);\">\u00c0 leur arriv\u00e9e, les policiers d\u00e9couvrent le corps sans vie du septuag\u00e9naire, allong\u00e9 sur la table de massage, v\u00eatu d\u2019une petite tenue. Les constats d\u2019usage r\u00e9v\u00e8lent, selon L\u2019Observateur, l\u2019absence totale de signes de violence ou de traces pouvant \u00e9voquer une mort criminelle. <\/p>\n<p style=\"-webkit-text-size-adjust: auto; caret-color: rgb(212, 212, 213); font-family: -apple-system, sans-serif; word-spacing: 1px; -webkit-tap-highlight-color: rgba(255, 255, 255, 0.25); border-color: rgb(49, 49, 49); color: rgb(49, 49, 49);\">\u00a0 <\/p>\n<p style=\"-webkit-text-size-adjust: auto; caret-color: rgb(212, 212, 213); font-family: -apple-system, sans-serif; word-spacing: 1px; -webkit-tap-highlight-color: rgba(255, 255, 255, 0.25); border-color: rgb(49, 49, 49); color: rgb(49, 49, 49);\">\u00a0 <\/p>\n<p>La piste d\u2019une mort naturelle privil\u00e9gi\u00e9e    <\/p>\n<p style=\"-webkit-text-size-adjust: auto; caret-color: rgb(212, 212, 213); font-family: -apple-system, sans-serif; word-spacing: 1px; -webkit-tap-highlight-color: rgba(255, 255, 255, 0.25); border-color: rgb(49, 49, 49); color: rgb(49, 49, 49);\">\u00a0 <\/p>\n<p style=\"-webkit-text-size-adjust: auto; caret-color: rgb(212, 212, 213); font-family: -apple-system, sans-serif; word-spacing: 1px; -webkit-tap-highlight-color: rgba(255, 255, 255, 0.25); border-color: rgb(49, 49, 49); color: rgb(49, 49, 49);\">\u00a0 <\/p>\n<p data-originalcomputedfontsize=\"16\" data-removefontsize=\"true\" style=\"font-size: 1rem; -webkit-text-size-adjust: auto; caret-color: rgb(212, 212, 213); font-family: -apple-system, sans-serif; word-spacing: 1px; -webkit-tap-highlight-color: rgba(255, 255, 255, 0.25); border-color: rgb(49, 49, 49); color: rgb(49, 49, 49);\">Apr\u00e8s les premi\u00e8res constatations, la d\u00e9pouille de Gilles R\u00e9my C. a \u00e9t\u00e9 achemin\u00e9e par les sapeurs-pompiers \u00e0 l\u2019h\u00f4pital Thierno Mouhamadoul Mansour Barro de Mbour pour les besoins d\u2019une autopsie. D\u2019apr\u00e8s des indiscr\u00e9tions relay\u00e9es par L\u2019Observateur, le m\u00e9decin l\u00e9giste a conclu \u00e0 une mort naturelle, dissipant ainsi les soup\u00e7ons d\u2019un acte criminel, tout en soulignant le caract\u00e8re soudain et incongru du d\u00e9c\u00e8s. <\/p>\n<p style=\"-webkit-text-size-adjust: auto; caret-color: rgb(212, 212, 213); font-family: -apple-system, sans-serif; word-spacing: 1px; -webkit-tap-highlight-color: rgba(255, 255, 255, 0.25); border-color: rgb(49, 49, 49); color: rgb(49, 49, 49);\">\u00a0 <\/p>\n<p data-originalcomputedfontsize=\"16\" data-removefontsize=\"true\" dir=\"auto\" style=\"font-size: 1rem; -webkit-text-size-adjust: auto; caret-color: rgb(212, 212, 213); font-family: -apple-system, sans-serif; word-spacing: 1px; -webkit-tap-highlight-color: rgba(255, 255, 255, 0.25); border-color: rgb(49, 49, 49); color: rgb(49, 49, 49);\">Les masseuses pr\u00e9sentes au moment des faits ont \u00e9t\u00e9 bri\u00e8vement interpell\u00e9es et auditionn\u00e9es par les enqu\u00eateurs, avant d\u2019\u00eatre rel\u00e2ch\u00e9es, les premiers \u00e9l\u00e9ments de l\u2019enqu\u00eate n\u2019ayant relev\u00e9 aucune responsabilit\u00e9 p\u00e9nale directe. <\/p>\n","protected":false},"excerpt":{"rendered":"Un moment de d\u00e9tente s\u2019est transform\u00e9 en sc\u00e8ne de stupeur sur la Petite C\u00f4te. \u00c0 Saly Portudal, un&hellip;\n","protected":false},"author":2,"featured_media":16940,"comment_status":"","ping_status":"","sticky":false,"template":"","format":"standard","meta":{"footnotes":""},"categories":[48],"tags":[64,274,279,273,277,278,271,281,283,272,280,276,275,159,282],"class_list":{"0":"post-16939","1":"post","2":"type-post","3":"status-publish","4":"format-standard","5":"has-post-thumbnail","7":"category-senegal","8":"tag-afrique","9":"tag-aliou-cisse","10":"tag-amadou-ba","11":"tag-apr","12":"tag-bassirou-diomaye-faye","13":"tag-bathelemy-dias","14":"tag-dakar","15":"tag-el-malick-ndiaye","16":"tag-guy-marius-sagna","17":"tag-macky-sall","18":"tag-madiambal-diagne","19":"tag-ousmane-sonko","20":"tag-pastef","21":"tag-senegal","22":"tag-ziguinchor"},"share_on_mastodon":{"url":"","error":""},"_links":{"self":[{"href":"https:\/\/www.europesays.com\/africa\/wp-json\/wp\/v2\/posts\/16939","targetHints":{"allow":["GET"]}}],"collection":[{"href":"https:\/\/www.europesays.com\/africa\/wp-json\/wp\/v2\/posts"}],"about":[{"href":"https:\/\/www.europesays.com\/africa\/wp-json\/wp\/v2\/types\/post"}],"author":[{"embeddable":true,"href":"https:\/\/www.europesays.com\/africa\/wp-json\/wp\/v2\/users\/2"}],"replies":[{"embeddable":true,"href":"https:\/\/www.europesays.com\/africa\/wp-json\/wp\/v2\/comments?post=16939"}],"version-history":[{"count":0,"href":"https:\/\/www.europesays.com\/africa\/wp-json\/wp\/v2\/posts\/16939\/revisions"}],"wp:featuredmedia":[{"embeddable":true,"href":"https:\/\/www.europesays.com\/africa\/wp-json\/wp\/v2\/media\/16940"}],"wp:attachment":[{"href":"https:\/\/www.europesays.com\/africa\/wp-json\/wp\/v2\/media?parent=16939"}],"wp:term":[{"taxonomy":"category","embeddable":true,"href":"https:\/\/www.europesays.com\/africa\/wp-json\/wp\/v2\/categories?post=16939"},{"taxonomy":"post_tag","embeddable":true,"href":"https:\/\/www.europesays.com\/africa\/wp-json\/wp\/v2\/tags?post=16939"}],"curies":[{"name":"wp","href":"https:\/\/api.w.org\/{rel}","templated":true}]}}