{"id":16952,"date":"2026-01-11T11:39:09","date_gmt":"2026-01-11T11:39:09","guid":{"rendered":"https:\/\/www.europesays.com\/africa\/16952\/"},"modified":"2026-01-11T11:39:09","modified_gmt":"2026-01-11T11:39:09","slug":"pourquoi-les-crocodiles-africains-saccrochent-au-pouvoir","status":"publish","type":"post","link":"https:\/\/www.europesays.com\/africa\/16952\/","title":{"rendered":"Pourquoi les &#8220;crocodiles africains&#8221; s&#8217;accrochent au pouvoir"},"content":{"rendered":"<p class=\"ap-StoryElement ap-StoryElement--mb ap-StoryText\">&#8220;C&#8217;est l&#8217;autre groupe des crocodiles&#8221;, sourit Promise Nkomo, juriste zimbabw\u00e9en qui explique que &#8220;notre actuel pr\u00e9sident, Emmerson Mnangagwa, aime rappeler qu&#8217;il fait partie lui aussi d&#8217;un groupe des crocodiles qui ont combattu le pouvoir blanc\u2026 dans les ann\u00e9es 60. Il aime rappeler que ces animaux ont la peau dure et vivent tr\u00e8s longtemps&#8221;.<\/p>\n<p><a href=\"\" target=\"_self\" rel=\"noopener noreferrer\" class=\"ap-StoryInterstitialLink ap-StoryElement ap-StoryElement--mb\">Les temps sont durs pour des partis n\u00e9s des luttes d&#8217;ind\u00e9pendance en Afrique australe<\/a><\/p>\n<p class=\"ap-StoryElement ap-StoryElement--mb ap-StoryText\">\u00c0 83 ans, Emmerson Mnangagwa, l&#8217;homme qui a renvers\u00e9 son compagnon de route Robert Mugabe, devrait terminer son second mandat \u00e0 la pr\u00e9sidence du Zimbabwe en 2028 et ne peut humainement esp\u00e9rer atteindre le cercle des dirigeants qui d\u00e9passent all\u00e8grement les 20 ans au pouvoir, &#8220;mais lui et ses proches tentent de forcer au minimum une prolongation de deux ans de son second et dernier mandat pr\u00e9vu par la constitution. Il ne partirait pas en 2028 mais en 2030. Ses supporters au sein du parti ZANU-PF ont d\u00e9j\u00e0 cr\u00e9\u00e9 le logo &#8220;EM2030&#8243; et expliquent qu&#8217;il aura besoin de ces deux ann\u00e9es suppl\u00e9mentaires pour mener \u00e0 bien ses r\u00e9formes \u00e9conomiques&#8221;, poursuit Me Nkomo.<\/p>\n<p class=\"ap-StoryElement ap-StoryElement--mb ap-StoryText\">Un argument balay\u00e9 par l&#8217;opposition et qui ne fait pas l&#8217;unanimit\u00e9 au sein du parti. &#8220;Mais cet exemple d\u00e9montre \u00e0 quel point il est difficile de quitter le pouvoir, poursuit le juriste. Et Mnangagwa dispose encore d&#8217;un certain soutien populaire parce qu&#8217;il incarne toujours le combat pour l&#8217;ind\u00e9pendance du pays. Chez nous, il est le dernier \u00e0 disposer de cette aura qui ne parle plus aux jeunes. Ils ont fait savoir qu&#8217;ils ne voulaient pas de cette prolongation, il y a m\u00eame eu des affrontements assez s\u00e9rieux en octobre \u00e0 Harare (la capitale du Zimbabwe, NdlR) quand la possibilit\u00e9 de modifier la constitution pour lui offrir un troisi\u00e8me mandat a \u00e9t\u00e9 \u00e9voqu\u00e9e. Les manifestants ont aussi fait savoir qu&#8217;ils ne voulaient pas que Mnangagwa d\u00e9signe un membre de sa famille pour lui succ\u00e9der.&#8221;<\/p>\n<p>La peur du vide<\/p>\n<p class=\"ap-StoryElement ap-StoryElement--mb ap-StoryText\">&#8220;Le pouvoir grise et coupe le pr\u00e9sident du peuple et, en Afrique, il cr\u00e9e de vraies barri\u00e8res entre le chef de l&#8217;\u00c9tat et ses proches collaborateurs m\u00eame s&#8217;ils \u00e9taient tr\u00e8s li\u00e9s jusqu&#8217;\u00e0 son accession au pouvoir&#8221;, expliquait r\u00e9cemment un politicien congolais qui \u00e9voquait les relations entre Mobutu et certains de ses ministres qui l&#8217;avaient accompagn\u00e9 pendant plusieurs ann\u00e9es. &#8220;Quand il est devenu pr\u00e9sident, Mobutu leur a clairement expliqu\u00e9 que leurs relations devaient changer. Il est devenu chef et \u00e7a se respecte. Ajoutez-y une cour de z\u00e9lotes qui ne font qu&#8217;entretenir ce sentiment, et un cercle familial qui se repa\u00eet de ce pouvoir, et vous fabriquez un autocrate qui va tout faire pour se maintenir au sommet&#8221;.<\/p>\n<p><a href=\"https:\/\/www.lalibre.be\/international\/afrique\/2025\/12\/30\/mais-qui-est-mamady-doumbouya-le-futur-president-de-la-guinee-LYU5CAQX7RAGRKBNI6IUEXKIZI\/\" target=\"_self\" class=\"ap-StoryInterstitialLink ap-StoryElement ap-StoryElement--mb\" rel=\"nofollow noopener\">Mais qui est Mamady Doumbouya, le futur pr\u00e9sident de la Guin\u00e9e ?<\/a><\/p>\n<p class=\"ap-StoryElement ap-StoryElement--mb ap-StoryText\">Le d\u00e9but d&#8217;un cercle vicieux qui va pousser ces dictateurs en devenir \u00e0 s&#8217;asseoir sur toutes les r\u00e8gles, tous les textes pour conserver ce pouvoir. &#8220;Ils vont alors foncer t\u00eate baiss\u00e9e dans une logique qui ne leur laisse aucune porte de sortie. Ils savent d\u00e8s lors qu&#8217;ils risquent des ennuis judiciaires d\u00e8s qu&#8217;ils auront quitt\u00e9 le pouvoir&#8221;, explique un diplomate europ\u00e9en. Koffi Kouakou, ma\u00eetre de conf\u00e9rences au Centre des \u00e9tudes Chine-Afrique \u00e0 l&#8217;universit\u00e9 de Johannesburg, en Afrique du Sud, expliquait dans une r\u00e9cente interview \u00e0 Deutsche welle que &#8220;ces dirigeants ont commis tant de crimes qu&#8217;ils ont peur d&#8217;\u00eatre jug\u00e9s et condamn\u00e9s apr\u00e8s leur passage \u00e0 la t\u00eate de l&#8217;\u00c9tat&#8221;.<\/p>\n<p>Le poids de la famille<\/p>\n<p class=\"ap-StoryElement ap-StoryElement--mb ap-StoryText\">Tous nos interlocuteurs pointent aussi le poids du clan familial. L&#8217;arriv\u00e9e au pouvoir d&#8217;un des leurs est la garantie que tout le premier cercle familial va tirer profit des avantages li\u00e9s \u00e0 l&#8217;acc\u00e8s \u00e0 la t\u00eate de l&#8217;\u00c9tat.<\/p>\n<p class=\"ap-StoryElement ap-StoryElement--mb ap-StoryText\">&#8220;Le cas de la famille Tshisekedi en R\u00e9publique d\u00e9mocratique du Congo est significatif, nous expliquait r\u00e9cemment Bob Kabamba, politologue et professeur \u00e0 l&#8217;Universit\u00e9 de Li\u00e8ge. &#8220;Toute la famille vivait tr\u00e8s chichement en Belgique. D\u00e8s que leur fr\u00e8re s&#8217;est assis sur le si\u00e8ge pr\u00e9sidentiel, ils sont revenus au pays et se sont rapidement enrichis en obtenant par leur simple lien familial des postes tr\u00e8s lucratifs.&#8221;<\/p>\n<p><a href=\"\" target=\"_self\" rel=\"noopener noreferrer\" class=\"ap-StoryInterstitialLink ap-StoryElement ap-StoryElement--mb\">Kabila condamn\u00e9, un jeu dangereux pour le r\u00e9gime Tshisekedi<\/a><\/p>\n<p class=\"ap-StoryElement ap-StoryElement--mb ap-StoryText\">Le pouvoir rime donc avec enrichissement, parfois vertigineux. De quoi pousser les familles qui ont atteint la plus haute marche du pouvoir \u00e0 refuser de le c\u00e9der.<\/p>\n<p class=\"ap-StoryElement ap-StoryElement--mb ap-StoryText\">L&#8217;exemple r\u00e9cent, toujours en RDC, du jeu de chaise musical entre Kabila et Tshisekedi d\u00e9montre tout le poids de la fonction. D\u00e8s qu&#8217;il a quitt\u00e9 son si\u00e8ge pr\u00e9sidentiel, m\u00eame en s&#8217;accordant une majorit\u00e9 parlementaire consid\u00e9rable, Joseph Kabila s&#8217;est fragilis\u00e9. A contrario, F\u00e9lix Tshisekedi, plac\u00e9 sur le tr\u00f4ne congolais sans assise parlementaire, mais fort du titre de &#8220;primus inter pares&#8221; est devenu l&#8217;incarnation du pouvoir. Et il ne lui a fallu que quelques mois pour renverser la table, \u00e9vincer Kabila et soudoyer la majorit\u00e9 des parlementaires. &#8220;L&#8217;exemple de la transition pacifique en 2018 chez nous, en RDC, ne va pas pousser les autocrates vers plus de d\u00e9mocratie&#8221;, reconna\u00eet, cyniquement, un ex-kabiliste converti au &#8220;tshisekedisme&#8221;.<\/p>\n","protected":false},"excerpt":{"rendered":"&#8220;C&#8217;est l&#8217;autre groupe des crocodiles&#8221;, sourit Promise Nkomo, juriste zimbabw\u00e9en qui explique que &#8220;notre actuel pr\u00e9sident, Emmerson Mnangagwa,&hellip;\n","protected":false},"author":2,"featured_media":16953,"comment_status":"","ping_status":"","sticky":false,"template":"","format":"standard","meta":{"footnotes":""},"categories":[62],"tags":[64,10826,10827,2983,1659,261],"class_list":{"0":"post-16952","1":"post","2":"type-post","3":"status-publish","4":"format-standard","5":"has-post-thumbnail","7":"category-afrique","8":"tag-afrique","9":"tag-coup","10":"tag-demonstration","11":"tag-essential","12":"tag-horizontal","13":"tag-politics"},"share_on_mastodon":{"url":"","error":""},"_links":{"self":[{"href":"https:\/\/www.europesays.com\/africa\/wp-json\/wp\/v2\/posts\/16952","targetHints":{"allow":["GET"]}}],"collection":[{"href":"https:\/\/www.europesays.com\/africa\/wp-json\/wp\/v2\/posts"}],"about":[{"href":"https:\/\/www.europesays.com\/africa\/wp-json\/wp\/v2\/types\/post"}],"author":[{"embeddable":true,"href":"https:\/\/www.europesays.com\/africa\/wp-json\/wp\/v2\/users\/2"}],"replies":[{"embeddable":true,"href":"https:\/\/www.europesays.com\/africa\/wp-json\/wp\/v2\/comments?post=16952"}],"version-history":[{"count":0,"href":"https:\/\/www.europesays.com\/africa\/wp-json\/wp\/v2\/posts\/16952\/revisions"}],"wp:featuredmedia":[{"embeddable":true,"href":"https:\/\/www.europesays.com\/africa\/wp-json\/wp\/v2\/media\/16953"}],"wp:attachment":[{"href":"https:\/\/www.europesays.com\/africa\/wp-json\/wp\/v2\/media?parent=16952"}],"wp:term":[{"taxonomy":"category","embeddable":true,"href":"https:\/\/www.europesays.com\/africa\/wp-json\/wp\/v2\/categories?post=16952"},{"taxonomy":"post_tag","embeddable":true,"href":"https:\/\/www.europesays.com\/africa\/wp-json\/wp\/v2\/tags?post=16952"}],"curies":[{"name":"wp","href":"https:\/\/api.w.org\/{rel}","templated":true}]}}