{"id":16973,"date":"2026-01-11T11:57:07","date_gmt":"2026-01-11T11:57:07","guid":{"rendered":"https:\/\/www.europesays.com\/africa\/16973\/"},"modified":"2026-01-11T11:57:07","modified_gmt":"2026-01-11T11:57:07","slug":"ce-sera-legypte-pour-le-senegal-de-moussa-niakhate-ol","status":"publish","type":"post","link":"https:\/\/www.europesays.com\/africa\/16973\/","title":{"rendered":"ce sera l&#8217;\u00c9gypte pour le S\u00e9n\u00e9gal de Moussa Niakhat\u00e9 (OL)"},"content":{"rendered":"<p>                            <img width=\"770\" height=\"433\" src=\"https:\/\/www.europesays.com\/africa\/wp-content\/uploads\/2026\/01\/AFP__20250823__DPPI_40025063_037__v1__HighRes__FootballFrenchChampLyonVMetz-770x433.jpg\" class=\"attachment-article size-article wp-post-image\" alt=\"Moussa Niakhat\u00e9, d\u00e9fenseur de l'OL\" decoding=\"async\" fetchpriority=\"high\"  \/><\/p>\n<p>Moussa Niakhat\u00e9, d\u00e9fenseur de l\u2019OL (Photo by Cyril Lestage \/ DPPI via AFP)<\/p>\n<p>Un dernier carr\u00e9 \u00e0 faire saliver. Mercredi, le S\u00e9n\u00e9gal affrontera l&#8217;Egypte pour une place en finale de la CAN. Un beau d\u00e9fi pour Moussa Niakhat\u00e9 et ses compatriotes.<\/p>\n<p>On s&#8217;attendait \u00e0 des quarts de finale de la CAN captivants au vu des oppositions. Finalement, un seul d&#8217;entre eux a accouch\u00e9 d&#8217;un duel digne de ce nom. Celui entre l&#8217;\u00c9gypte et la C\u00f4te d&#8217;Ivoire samedi soir. Ce sont les co\u00e9quipiers de Mohamed Salah qui ont gagn\u00e9 ce bras de fer sur le score de 3 \u00e0 2. Ils ont ainsi remport\u00e9 le droit d&#8217;affronter le S\u00e9n\u00e9gal <a href=\"https:\/\/www.olympique-et-lyonnais.com\/can-moussa-niakhate-ol-et-le-senegal-dans-le-dernier-carre,388299.html\" rel=\"nofollow noopener\" target=\"_blank\">en demi-finales<\/a>. <\/p>\n<p>Un choc qui aura lieu mercredi, \u00e0 17 heures. Dans la foul\u00e9e, le pays h\u00f4te, le Maroc, fera face au Nigeria, qui a impressionn\u00e9 jusqu&#8217;ici dans la comp\u00e9tition. Deux belles oppositions, avec un joueur lyonnais concern\u00e9. Moussa Niakhat\u00e9 devrait encore une fois \u00eatre titulaire contre les \u00c9gyptiens. Le d\u00e9fenseur central (26 capes) a disput\u00e9 quatre des cinq matchs de sa s\u00e9lection dans le tournoi.<\/p>\n<p>Niakhat\u00e9 absent au moins jusqu&#8217;au match contre Brest <\/p>\n<p>Il ira au bout <a href=\"https:\/\/www.olympique-et-lyonnais.com\/ol-moussa-niakhate-et-le-senegal-en-mission-a-la-can,387469.html\" rel=\"nofollow noopener\" target=\"_blank\">de l&#8217;\u00e9preuve<\/a>, et ne revient donc pas avant une semaine avec son club. En effet, le S\u00e9n\u00e9galais de 29 ans jouera \u00e9galement la petite finale ou la finale le 17 ou le 18 janvier. Ensuite, cela d\u00e9pendra de ses \u00e9changes avec l&#8217;OL pour savoir s&#8217;il b\u00e9n\u00e9ficiera d&#8217;un peu de repos ou pas. Apr\u00e8s la r\u00e9ception de Brest (18\/01), les Rhodaniens se d\u00e9placeront en Suisse, chez les Young Boys (22\/01) puis \u00e0 Metz le dimanche 25 janvier. Avec ou sans Moussa Niakhat\u00e9 ?<\/p>\n","protected":false},"excerpt":{"rendered":"Moussa Niakhat\u00e9, d\u00e9fenseur de l\u2019OL (Photo by Cyril Lestage \/ DPPI via AFP) Un dernier carr\u00e9 \u00e0 faire&hellip;\n","protected":false},"author":2,"featured_media":16974,"comment_status":"","ping_status":"","sticky":false,"template":"","format":"standard","meta":{"footnotes":""},"categories":[48],"tags":[360,1004,159],"class_list":{"0":"post-16973","1":"post","2":"type-post","3":"status-publish","4":"format-standard","5":"has-post-thumbnail","7":"category-senegal","8":"tag-can","9":"tag-niakhate","10":"tag-senegal"},"share_on_mastodon":{"url":"","error":""},"_links":{"self":[{"href":"https:\/\/www.europesays.com\/africa\/wp-json\/wp\/v2\/posts\/16973","targetHints":{"allow":["GET"]}}],"collection":[{"href":"https:\/\/www.europesays.com\/africa\/wp-json\/wp\/v2\/posts"}],"about":[{"href":"https:\/\/www.europesays.com\/africa\/wp-json\/wp\/v2\/types\/post"}],"author":[{"embeddable":true,"href":"https:\/\/www.europesays.com\/africa\/wp-json\/wp\/v2\/users\/2"}],"replies":[{"embeddable":true,"href":"https:\/\/www.europesays.com\/africa\/wp-json\/wp\/v2\/comments?post=16973"}],"version-history":[{"count":0,"href":"https:\/\/www.europesays.com\/africa\/wp-json\/wp\/v2\/posts\/16973\/revisions"}],"wp:featuredmedia":[{"embeddable":true,"href":"https:\/\/www.europesays.com\/africa\/wp-json\/wp\/v2\/media\/16974"}],"wp:attachment":[{"href":"https:\/\/www.europesays.com\/africa\/wp-json\/wp\/v2\/media?parent=16973"}],"wp:term":[{"taxonomy":"category","embeddable":true,"href":"https:\/\/www.europesays.com\/africa\/wp-json\/wp\/v2\/categories?post=16973"},{"taxonomy":"post_tag","embeddable":true,"href":"https:\/\/www.europesays.com\/africa\/wp-json\/wp\/v2\/tags?post=16973"}],"curies":[{"name":"wp","href":"https:\/\/api.w.org\/{rel}","templated":true}]}}