{"id":1699,"date":"2026-01-04T02:05:14","date_gmt":"2026-01-04T02:05:14","guid":{"rendered":"https:\/\/www.europesays.com\/africa\/1699\/"},"modified":"2026-01-04T02:05:14","modified_gmt":"2026-01-04T02:05:14","slug":"le-maroc-face-a-un-defi-demographique-et-social-majeur","status":"publish","type":"post","link":"https:\/\/www.europesays.com\/africa\/1699\/","title":{"rendered":"Le Maroc face \u00e0 un d\u00e9fi d\u00e9mographique et social majeur"},"content":{"rendered":"<p>\t\t\tLe vieillissement rapide de la population marocaine, confirm\u00e9 par le recensement 2024 et le Haut-Commissariat au Plan (HCP), transforme profond\u00e9ment le paysage social et \u00e9conomique du Maroc. Avec 5 millions de seniors aujourd\u2019hui et un quart de la population pr\u00e9vu d\u2019ici 2050, les d\u00e9fis se multiplient : d\u00e9pendance accrue, protection sociale insuffisante, pr\u00e9carit\u00e9 f\u00e9minine et disparit\u00e9s territoriales accentuent la vuln\u00e9rabilit\u00e9 des a\u00een\u00e9s.<\/p>\n<p style=\"text-align: justify;\">Le Royaume se trouve \u00e0 la confluence d\u2019une mutation d\u00e9mographique sans pr\u00e9c\u00e9dent, dont les premi\u00e8res tendances, r\u00e9v\u00e9l\u00e9es par le recensement g\u00e9n\u00e9ral de 2024 et corrobor\u00e9es par les analyses du HCP, appellent \u00e0 une r\u00e9vision profonde des paradigmes sociaux et \u00e9conomiques. Longtemps per\u00e7u comme une nation \u00e0 la d\u00e9mographie r\u00e9solument jeune, le pays fait d\u00e9sormais face \u00e0 un vieillissement rapide de sa population, une \u00e9volution qui, sans la mise en \u0153uvre de politiques proactives et adapt\u00e9es, pourrait engendrer d\u2019importantes tensions structurelles \u00e0 moyen et long terme.<\/p>\n<p style=\"text-align: justify;\"><a style=\"color: #008000;\" href=\"https:\/\/maroc-diplomatique.net\/vieillissement-de-la-population-le-cese-propose-une-nouvelle-feuille-de-route\/\" rel=\"nofollow noopener\" target=\"_blank\">Lire aussi : Vieillissement de la population : Le CESE propose une nouvelle feuille de route<\/a><\/p>\n<p style=\"text-align: justify;\">L\u2019inqui\u00e9tude est palpable face \u00e0 la progression exponentielle de la cohorte des seniors. En l\u2019espace d\u2019une d\u00e9cennie, la proportion des individus \u00e2g\u00e9s de 60 ans et plus a connu une augmentation de 58,7%, exc\u00e9dant significativement le taux de croissance d\u00e9mographique global. En 2024, cette tranche d\u2019\u00e2ge repr\u00e9sente 5,03 millions de personnes, soit 13,8% de la population totale. Cette dynamique donne lieu \u00e0 une projection alarmante : d\u2019ici 2050, pr\u00e8s de 10 millions de Marocains, soit un quart de la population, seront des seniors. Cette inversion de la pyramide des \u00e2ges exerce d\u00e9j\u00e0 une pression consid\u00e9rable sur le taux de d\u00e9pendance d\u00e9mographique, qui devrait passer de 25 \u00e0 39 personnes \u00e2g\u00e9es pour 100 actifs, mena\u00e7ant l\u2019\u00e9quilibre des syst\u00e8mes de retraite et de sant\u00e9.<\/p>\n<p style=\"text-align: justify;\">Ce basculement d\u00e9mographique est indissociable d\u2019une pr\u00e9carit\u00e9 persistante au sein de cette cat\u00e9gorie. Le rapport du HCP met en exergue l\u2019aggravation de la vuln\u00e9rabilit\u00e9 \u00e9conomique et sociale des a\u00een\u00e9s, imputable \u00e0 une insuffisance de la protection sociale. Seule une minorit\u00e9 b\u00e9n\u00e9ficie d\u2019une couverture de retraite ad\u00e9quate (33,6% des hommes et un infime 6,7% des femmes), rendant la majorit\u00e9 d\u00e9pendante de la solidarit\u00e9 familiale ou contrainte \u00e0 l\u2019exercice d\u2019activit\u00e9s informelles, d\u00e9pourvues de toute garantie sociale. Cette situation est exacerb\u00e9e par la hausse du co\u00fbt de la vie et les d\u00e9penses on\u00e9reuses li\u00e9es aux pathologies chroniques et au handicap, qui touchent pr\u00e8s d\u2019un cinqui\u00e8me des personnes \u00e2g\u00e9es.<\/p>\n<p style=\"text-align: justify;\">Parall\u00e8lement, la structure sociale marocaine subit un affaiblissement des m\u00e9canismes traditionnels de soutien. La solidarit\u00e9 familiale, jadis pilier de la prise en charge des parents \u00e2g\u00e9s, s\u2019effrite, corr\u00e9l\u00e9e \u00e0 l\u2019\u00e9volution des modes de vie et \u00e0 l\u2019inadaptation des structures d\u2019habitation modernes. De surcro\u00eet, le vieillissement se f\u00e9minise, les femmes repr\u00e9sentant 51,2% de cette tranche d\u2019\u00e2ge, avec une vuln\u00e9rabilit\u00e9 accrue pour les veuves (37,6% d\u2019entre elles), expos\u00e9es davantage \u00e0 l\u2019isolement et \u00e0 la pauvret\u00e9. Les disparit\u00e9s territoriales s\u2019ajoutent \u00e0 ce tableau, la couverture m\u00e9dicale et l\u2019acc\u00e8s aux infrastructures de base demeurant significativement moindres en milieu rural.<\/p>\n","protected":false},"excerpt":{"rendered":"Le vieillissement rapide de la population marocaine, confirm\u00e9 par le recensement 2024 et le Haut-Commissariat au Plan (HCP),&hellip;\n","protected":false},"author":2,"featured_media":1700,"comment_status":"","ping_status":"","sticky":false,"template":"","format":"standard","meta":{"footnotes":""},"categories":[41],"tags":[1751,158,1752,960,1753],"class_list":{"0":"post-1699","1":"post","2":"type-post","3":"status-publish","4":"format-standard","5":"has-post-thumbnail","7":"category-maroc","8":"tag-demographique","9":"tag-maroc","10":"tag-population","11":"tag-social","12":"tag-vieillissement"},"share_on_mastodon":{"url":"","error":""},"_links":{"self":[{"href":"https:\/\/www.europesays.com\/africa\/wp-json\/wp\/v2\/posts\/1699","targetHints":{"allow":["GET"]}}],"collection":[{"href":"https:\/\/www.europesays.com\/africa\/wp-json\/wp\/v2\/posts"}],"about":[{"href":"https:\/\/www.europesays.com\/africa\/wp-json\/wp\/v2\/types\/post"}],"author":[{"embeddable":true,"href":"https:\/\/www.europesays.com\/africa\/wp-json\/wp\/v2\/users\/2"}],"replies":[{"embeddable":true,"href":"https:\/\/www.europesays.com\/africa\/wp-json\/wp\/v2\/comments?post=1699"}],"version-history":[{"count":0,"href":"https:\/\/www.europesays.com\/africa\/wp-json\/wp\/v2\/posts\/1699\/revisions"}],"wp:featuredmedia":[{"embeddable":true,"href":"https:\/\/www.europesays.com\/africa\/wp-json\/wp\/v2\/media\/1700"}],"wp:attachment":[{"href":"https:\/\/www.europesays.com\/africa\/wp-json\/wp\/v2\/media?parent=1699"}],"wp:term":[{"taxonomy":"category","embeddable":true,"href":"https:\/\/www.europesays.com\/africa\/wp-json\/wp\/v2\/categories?post=1699"},{"taxonomy":"post_tag","embeddable":true,"href":"https:\/\/www.europesays.com\/africa\/wp-json\/wp\/v2\/tags?post=1699"}],"curies":[{"name":"wp","href":"https:\/\/api.w.org\/{rel}","templated":true}]}}