{"id":17009,"date":"2026-01-11T12:22:07","date_gmt":"2026-01-11T12:22:07","guid":{"rendered":"https:\/\/www.europesays.com\/africa\/17009\/"},"modified":"2026-01-11T12:22:07","modified_gmt":"2026-01-11T12:22:07","slug":"pendant-la-coupe-dafrique-des-nations-le-quartier-barriol-devient-le-temple-du-football-a-arles","status":"publish","type":"post","link":"https:\/\/www.europesays.com\/africa\/17009\/","title":{"rendered":"Pendant la Coupe d\u2019Afrique des nations, le quartier Barriol devient le temple du football \u00e0 Arles"},"content":{"rendered":"<p>La salle est \u00e9troite, presque trop petite pour accueillir tout le monde. Les murs sont simples, l\u2019allure du lieu un peu brute, sans fioritures. Pourtant, \u00e0 mesure que l\u2019heure du coup d\u2019envoi approche, la chaleur humaine prend le dessus. <a href=\"https:\/\/www.laprovence.com\/article\/region\/4084961174915814\/cocarde-dor-les-raseteurs-zekraoui-et-chekhade-celebres-a-arles\" target=\"_blank\" rel=\"nofollow noopener\">Le snack Urban Breakfast &amp; Grillades<\/a> se remplit progressivement. Les places assises se font rares, certains restent debout, d\u2019autres entrent, ressortent, h\u00e9sitent, puis reviennent s\u2019installer au plus pr\u00e8s de l\u2019\u00e9cran.<\/p>\n<p>L\u2019exigu\u00eft\u00e9 renforce la proximit\u00e9\u00a0: ici, on vit le match \u00e9paule contre \u00e9paule. &#8220;Venez vers l\u2019avant, il y a encore de la place&#8221;, s\u2019exclame Youness Bouzaffour, ma\u00eetre des lieux, qui tente tant bien que mal de placer les gens dans la salle. Devant l\u2019\u00e9tablissement, quelques petites tables ont \u00e9t\u00e9 dispos\u00e9es.<\/p>\n<p>Toutes la salle derri\u00e8re l&#8217;Alg\u00e9rie<\/p>\n<p>Plusieurs services \u00e0 th\u00e9 sont align\u00e9s, chacun se sert librement avant de retourner suivre la rencontre. Les premi\u00e8res commandes tombent t\u00f4t dans la soir\u00e9e. Deux jeunes femmes arrivent presque par hasard. &#8220;On cherchait juste un petit coin pour manger. Avec le match, c\u2019\u00e9tait l\u2019occasion r\u00eav\u00e9e. Je suis Marocaine, je ne suis pas sp\u00e9cialement pour l\u2019Alg\u00e9rie, mais aujourd\u2019hui, on les soutient&#8221;, raconte Myriam, ven&#8230;<\/p>\n","protected":false},"excerpt":{"rendered":"La salle est \u00e9troite, presque trop petite pour accueillir tout le monde. Les murs sont simples, l\u2019allure du&hellip;\n","protected":false},"author":2,"featured_media":17010,"comment_status":"","ping_status":"","sticky":false,"template":"","format":"standard","meta":{"footnotes":""},"categories":[62],"tags":[97,64,10885,7880,5164,3661,7881,10883,10884,2656],"class_list":{"0":"post-17009","1":"post","2":"type-post","3":"status-publish","4":"format-standard","5":"has-post-thumbnail","7":"category-afrique","8":"tag-97","9":"tag-afrique","10":"tag-barriol","11":"tag-coupe","12":"tag-dafrique","13":"tag-des","14":"tag-nations","15":"tag-pendant","16":"tag-quartier","17":"tag-region"},"share_on_mastodon":{"url":"","error":""},"_links":{"self":[{"href":"https:\/\/www.europesays.com\/africa\/wp-json\/wp\/v2\/posts\/17009","targetHints":{"allow":["GET"]}}],"collection":[{"href":"https:\/\/www.europesays.com\/africa\/wp-json\/wp\/v2\/posts"}],"about":[{"href":"https:\/\/www.europesays.com\/africa\/wp-json\/wp\/v2\/types\/post"}],"author":[{"embeddable":true,"href":"https:\/\/www.europesays.com\/africa\/wp-json\/wp\/v2\/users\/2"}],"replies":[{"embeddable":true,"href":"https:\/\/www.europesays.com\/africa\/wp-json\/wp\/v2\/comments?post=17009"}],"version-history":[{"count":0,"href":"https:\/\/www.europesays.com\/africa\/wp-json\/wp\/v2\/posts\/17009\/revisions"}],"wp:featuredmedia":[{"embeddable":true,"href":"https:\/\/www.europesays.com\/africa\/wp-json\/wp\/v2\/media\/17010"}],"wp:attachment":[{"href":"https:\/\/www.europesays.com\/africa\/wp-json\/wp\/v2\/media?parent=17009"}],"wp:term":[{"taxonomy":"category","embeddable":true,"href":"https:\/\/www.europesays.com\/africa\/wp-json\/wp\/v2\/categories?post=17009"},{"taxonomy":"post_tag","embeddable":true,"href":"https:\/\/www.europesays.com\/africa\/wp-json\/wp\/v2\/tags?post=17009"}],"curies":[{"name":"wp","href":"https:\/\/api.w.org\/{rel}","templated":true}]}}