{"id":17015,"date":"2026-01-11T12:27:06","date_gmt":"2026-01-11T12:27:06","guid":{"rendered":"https:\/\/www.europesays.com\/africa\/17015\/"},"modified":"2026-01-11T12:27:06","modified_gmt":"2026-01-11T12:27:06","slug":"apres-51-ans-dimpasse-le-temps-du-realisme-est-venu","status":"publish","type":"post","link":"https:\/\/www.europesays.com\/africa\/17015\/","title":{"rendered":"apr\u00e8s 51 ans d\u2019impasse, le temps du r\u00e9alisme est venu"},"content":{"rendered":"<p>Ce temps long impose aujourd\u2019hui une interrogation essentielle, trop souvent \u00e9vit\u00e9e : qu\u2019a r\u00e9ellement produit plus d\u2019un demi-si\u00e8cle de confrontation et de blocage ? <\/p>\n<p>Le constat est difficilement contestable. Ni le retour massif des populations d\u00e9plac\u00e9es ni une perspective cr\u00e9dible de r\u00e8glement d\u00e9finitif n\u2019ont vu le jour. En revanche, un statu quo fig\u00e9 s\u2019est install\u00e9, au d\u00e9triment direct des populations concern\u00e9es. <br \/>Les populations sahraouies, de tradition b\u00e9douine, n\u2019ont jamais \u00e9t\u00e9 asservies cherchant \u00e0 \u00eatre lib\u00e9r\u00e9es. Leur relation \u00e0 la libert\u00e9 s\u2019inscrivait historiquement dans un mode de vie fond\u00e9 sur la mobilit\u00e9, l\u2019autonomie et le lien organique \u00e0 l\u2019espace. Pourtant, au fil des d\u00e9cennies, cette r\u00e9alit\u00e9 anthropologique a \u00e9t\u00e9 \u00e9clips\u00e9e par des constructions id\u00e9ologiques rigides, souvent d\u00e9connect\u00e9es des transformations du monde et des \u00e9quilibres r\u00e9gionaux. <\/p>\n<p>Des g\u00e9n\u00e9rations enti\u00e8res sont ainsi n\u00e9es et ont grandi dans les camps de r\u00e9fugi\u00e9s, loin de la terre, de la transhumance et des rep\u00e8res culturels qui structuraient l\u2019identit\u00e9 sahraouie. Cette r\u00e9alit\u00e9 soul\u00e8ve une question de responsabilit\u00e9 politique : peut-on continuer \u00e0 proposer les m\u00eames sch\u00e9mas \u00e0 une soci\u00e9t\u00e9 profond\u00e9ment transform\u00e9e par un exil prolong\u00e9 ? <\/p>\n<p>Le statu quo comme rente politique <\/p>\n<p>L\u2019exp\u00e9rience montre que le statu quo ne b\u00e9n\u00e9ficie ni aux r\u00e9fugi\u00e9s, ni aux familles s\u00e9par\u00e9es, ni \u00e0 la jeunesse sahraouie priv\u00e9e d\u2019horizon. Il tend plut\u00f4t \u00e0 nourrir des logiques de rente politique, dans lesquelles la perp\u00e9tuation du conflit devient une source de l\u00e9gitimit\u00e9 en soi. <\/p>\n<p>L\u2019exclusivit\u00e9 de la repr\u00e9sentation et la n\u00e9gation de la pluralit\u00e9 sahraouie ont contribu\u00e9 \u00e0 rigidifier le dossier et \u00e0 renforcer son isolement diplomatique. Les solutions dites \u00abd\u00e9finitives\u00bb, r\u00e9p\u00e9t\u00e9es depuis des d\u00e9cennies sans tenir compte des \u00e9quilibres r\u00e9els, se sont r\u00e9v\u00e9l\u00e9es incapables d\u2019ouvrir une perspective cr\u00e9dible. <\/p>\n<p>R\u00e9solution 2797 : un appel explicite au r\u00e9alisme <\/p>\n<p>C\u2019est pr\u00e9cis\u00e9ment cette impasse que le Conseil de S\u00e9curit\u00e9 des Nations Unies cherche \u00e0 d\u00e9passer \u00e0 travers ses R\u00e9solutions successives, et plus r\u00e9cemment par la R\u00e9solution 2797, qui r\u00e9affirme la primaut\u00e9 d\u2019une solution politique r\u00e9aliste, pragmatique et durable, fond\u00e9e sur le compromis. <\/p>\n<p>Cette R\u00e9solution s\u2019inscrit dans une continuit\u00e9 onusienne qui privil\u00e9gie d\u00e9sormais les solutions n\u00e9goci\u00e9es, ancr\u00e9es dans les r\u00e9alit\u00e9s du terrain, plut\u00f4t que des options th\u00e9oriques difficilement applicables. Elle invite explicitement \u00e0 sortir de l\u2019immobilisme et \u00e0 explorer des pistes susceptibles de mettre fin \u00e0 une souffrance humaine prolong\u00e9e. <\/p>\n<p>Dans ce cadre, la proposition d\u2019autonomie appara\u00eet comme l\u2019une des options s\u00e9rieuses r\u00e9pondant aux crit\u00e8res de r\u00e9alisme, de stabilit\u00e9 et de gouvernance locale promus par le Conseil de S\u00e9curit\u00e9. Loin d\u2019\u00eatre une simple formule administrative, elle ouvre un d\u00e9bat concret sur la capacit\u00e9 des Sahraouis \u00e0 g\u00e9rer leurs affaires, \u00e0 pr\u00e9server leur identit\u00e9 et \u00e0 participer pleinement \u00e0 la vie politique, dans un cadre reconnu internationalement. <\/p>\n<p>R\u00f4le du Mouvement des Sahraouis pour la Paix <\/p>\n<p>C\u2019est dans cette dynamique que s\u2019inscrit la d\u00e9marche du Mouvement des Sahraouis pour la Paix (MSP). Acteur sahraoui \u00e9mergent, le MSP rompt avec la logique de l\u2019exclusivit\u00e9 politique et propose une lecture interne du conflit, fond\u00e9e sur le dialogue sahraoui-sahraoui, la reconnaissance de la diversit\u00e9 des sensibilit\u00e9s et l\u2019adh\u00e9sion \u00e0 une solution pacifique conforme aux param\u00e8tres onusiens. <\/p>\n<p>En assumant l\u2019option de l\u2019autonomie comme base de discussion, le MSP ne renonce pas \u00e0 l\u2019identit\u00e9 sahraouie ; il cherche au contraire \u00e0 la pr\u00e9server face \u00e0 l\u2019\u00e9rosion provoqu\u00e9e par l\u2019exil prolong\u00e9. Sa d\u00e9marche repose sur une conviction simple : le r\u00e9alisme n\u2019est pas une reddition, mais un choix de responsabilit\u00e9 envers les g\u00e9n\u00e9rations pr\u00e9sentes et futures. <\/p>\n<p>Un fait demeure incontournable : ceux qui \u00e9taient adultes au d\u00e9but du conflit ont aujourd\u2019hui d\u00e9pass\u00e9 les soixante-dix ans. Le temps biologique ne co\u00efncide plus avec le temps diplomatique. Quant \u00e0 la jeunesse sahraouie n\u00e9e dans l\u2019exil, elle aspire moins aux slogans qu\u2019\u00e0 des perspectives concr\u00e8tes de stabilit\u00e9, de mobilit\u00e9 et de dignit\u00e9. <\/p>\n<p>Continuer \u00e0 diff\u00e9rer toute solution revient \u00e0 accepter la normalisation de l\u2019exil et la perte progressive des rep\u00e8res identitaires. \u00c0 cet \u00e9gard, l\u2019ann\u00e9e 2026 pourrait marquer un tournant, non par un renoncement, mais par une r\u00e9\u00e9valuation courageuse des options r\u00e9ellement disponibles. <\/p>\n<p>Sortir de l\u2019illusion, entrer dans la responsabilit\u00e9 <\/p>\n<p>Le conflit du Sahara ne manque pas de r\u00e9cits, mais il manque d\u2019issues. \u00c0 l\u2019heure o\u00f9 la communaut\u00e9 internationale appelle \u00e0 des solutions r\u00e9alistes, ignorer les initiatives sahraouies favorables au compromis constituerait une erreur strat\u00e9gique et morale. <br \/>La question n\u2019est plus de savoir qui a raison historiquement, mais comment mettre fin \u00e0 une souffrance prolong\u00e9e, en conformit\u00e9 avec les R\u00e9solutions des Nations Unies, notamment la R\u00e9solution 2797. Dans cette perspective, le dialogue inclusif, l\u2019option de l\u2019autonomie et l\u2019implication d\u2019acteurs sahraouis pluralistes comme le MSP constituent aujourd\u2019hui des leviers cr\u00e9dibles pour sortir d\u2019une impasse vieille de plus d\u2019un demi-si\u00e8cle. <br \/>\u00a0<\/p>\n","protected":false},"excerpt":{"rendered":"Ce temps long impose aujourd\u2019hui une interrogation essentielle, trop souvent \u00e9vit\u00e9e : qu\u2019a r\u00e9ellement produit plus d\u2019un demi-si\u00e8cle&hellip;\n","protected":false},"author":2,"featured_media":17016,"comment_status":"","ping_status":"","sticky":false,"template":"","format":"standard","meta":{"footnotes":""},"categories":[41],"tags":[554,553,555,556,563,565,560,567,561,557,162,566,564,558,559,158,562,248,239,310,568],"class_list":{"0":"post-17015","1":"post","2":"type-post","3":"status-publish","4":"format-standard","5":"has-post-thumbnail","7":"category-maroc","8":"tag-actualites","9":"tag-actualites-et-infos-au-maroc","10":"tag-actualites-et-infos-mondiale","11":"tag-actualites-marocaines-du-jour","12":"tag-alimentation","13":"tag-analyses","14":"tag-art-de-vivre","15":"tag-chronique","16":"tag-consommation-et-bien-etre","17":"tag-culture","18":"tag-economie","19":"tag-edito","20":"tag-etudes","21":"tag-insolite","22":"tag-loisirs","23":"tag-maroc","24":"tag-mode","25":"tag-politique","26":"tag-societe","27":"tag-sport","28":"tag-tribune"},"share_on_mastodon":{"url":"","error":""},"_links":{"self":[{"href":"https:\/\/www.europesays.com\/africa\/wp-json\/wp\/v2\/posts\/17015","targetHints":{"allow":["GET"]}}],"collection":[{"href":"https:\/\/www.europesays.com\/africa\/wp-json\/wp\/v2\/posts"}],"about":[{"href":"https:\/\/www.europesays.com\/africa\/wp-json\/wp\/v2\/types\/post"}],"author":[{"embeddable":true,"href":"https:\/\/www.europesays.com\/africa\/wp-json\/wp\/v2\/users\/2"}],"replies":[{"embeddable":true,"href":"https:\/\/www.europesays.com\/africa\/wp-json\/wp\/v2\/comments?post=17015"}],"version-history":[{"count":0,"href":"https:\/\/www.europesays.com\/africa\/wp-json\/wp\/v2\/posts\/17015\/revisions"}],"wp:featuredmedia":[{"embeddable":true,"href":"https:\/\/www.europesays.com\/africa\/wp-json\/wp\/v2\/media\/17016"}],"wp:attachment":[{"href":"https:\/\/www.europesays.com\/africa\/wp-json\/wp\/v2\/media?parent=17015"}],"wp:term":[{"taxonomy":"category","embeddable":true,"href":"https:\/\/www.europesays.com\/africa\/wp-json\/wp\/v2\/categories?post=17015"},{"taxonomy":"post_tag","embeddable":true,"href":"https:\/\/www.europesays.com\/africa\/wp-json\/wp\/v2\/tags?post=17015"}],"curies":[{"name":"wp","href":"https:\/\/api.w.org\/{rel}","templated":true}]}}