{"id":17032,"date":"2026-01-11T12:40:15","date_gmt":"2026-01-11T12:40:15","guid":{"rendered":"https:\/\/www.europesays.com\/africa\/17032\/"},"modified":"2026-01-11T12:40:15","modified_gmt":"2026-01-11T12:40:15","slug":"le-nigeria-trop-fort-pour-lalgerie-defiera-le-maroc-en-demi-finale","status":"publish","type":"post","link":"https:\/\/www.europesays.com\/africa\/17032\/","title":{"rendered":"Le Nigeria, trop fort pour l&#8217;Alg\u00e9rie, d\u00e9fiera le Maroc en demi-finale"},"content":{"rendered":"<p>&#13;<br \/>\n                        CAN-2025 : Le Nigeria, trop fort pour l&#8217;Alg\u00e9rie, d\u00e9fiera le Maroc en demi-finale&#13;\n                    <\/p>\n<p style=\"text-align:\">Le Nigeria a surclass\u00e9 l&#8217;Alg\u00e9rie samedi 10 janvier en quart-de-finale de la CAN-2025 (2-0) et fera figure d&#8217;\u00e9pouvantail en demi-finale mercredi 14 janvier face au Maroc, l&#8217;h\u00f4te du tournoi qui r\u00eave de soulever le troph\u00e9e dimanche prochain 18 janvier.<\/p>\n<p><a href=\"https:\/\/lecourrier.vn\/can-2025-sans-convaincre-la-tunisie-rejoint-le-nigeria-en-8e-de-finale\/1308503.html\" title=\"CAN-2025 : sans convaincre, la Tunisie rejoint le Nigeria en 8&lt;sup&gt;e&lt;\/sup&gt; de finale\" rel=\"nofollow noopener\" target=\"_blank\">&gt;&gt; CAN-2025 : sans convaincre, la Tunisie rejoint le Nigeria en 8e de finale<\/a><\/p>\n<p><a href=\"https:\/\/lecourrier.vn\/can-2025-le-mali-bat-la-tunisie-au-bout-du-suspense-et-rejoint-le-senegal-en-quart\/1308661.html\" title=\"CAN-2025 : le Mali bat la Tunisie au bout du suspense et rejoint le S\u00e9n\u00e9gal en quart\" rel=\"nofollow noopener\" target=\"_blank\">&gt;&gt; CAN-2025 : le Mali bat la Tunisie au bout du suspense et rejoint le S\u00e9n\u00e9gal en quart<\/a><\/p>\n<p><a href=\"https:\/\/lecourrier.vn\/can-2025-le-cameroun-bat-lafrique-du-sud-2-1-et-passe-en-8e-de-finale\/1308736.html\" title=\"CAN-2025 : le Cameroun bat l&#039;Afrique du Sud 2-1 et passe en 8&lt;sup&gt;e&lt;\/sup&gt; de finale\" rel=\"nofollow noopener\" target=\"_blank\">&gt;&gt; CAN-2025 : le Cameroun bat l&#8217;Afrique du Sud 2-1 et passe en 8e de finale<\/a><\/p>\n<p><img decoding=\"async\" class=\"lazyload\" src=\"https:\/\/www.europesays.com\/africa\/wp-content\/uploads\/2026\/01\/152350-field_media_image-2980563-5817d9e9cdfcf0c88cf868950dc2b2a8794e6b76.webp.webp\" alt=\"\"\/>L&#8217;attaquant et buteur du Nigeria Akor Adams file au but devant le gardien alg\u00e9rien Luca Zidane, en quart de finale de la CAN-2025, le 10 janvier 2026 \u00e0 Marrakech.\u00a0Photo : AFP\/VNA\/CVN<\/p>\n<p style=\"text-align:left\">Le score de 2-0 ne refl\u00e8te pas totalement la domination des Super Eagles, dont on comprend mal comment ils ont pu manquer pour la deuxi\u00e8me fois d&#8217;affil\u00e9e leur qualification pour la Coupe du monde cet \u00e9t\u00e9.<\/p>\n<p style=\"text-align:left\">Ils auraient pu en tout cas s&#8217;imposer beaucoup plus largement contre une Alg\u00e9rie totalement d\u00e9bord\u00e9e. Une statistique parle mieux que le score: Victor Osimhen et ses co\u00e9quipiers ont tir\u00e9 13 fois au but, l&#8217;Alg\u00e9rie trois fois seulement (aucun tir cadr\u00e9) et en fin de match, alors que le score \u00e9tait acquis.<\/p>\n<p style=\"text-align:left\">Meilleure attaque de cette Coupe d&#8217;Afrique des nations avec d\u00e9sormais 14 but en cinq matches, le Nigeria a d\u00e9marr\u00e9 le match pied au plancher. Les deux stars de l&#8217;attaque Victor Osimhen et Ademola Lookman semblaient avoir oubli\u00e9 leur f\u00e2cherie du huiti\u00e8me de finale et, souvent cherch\u00e9s dans la profondeur par leurs partenaires, ils ont rapidement mis le feu dans la d\u00e9fense des Fennecs.<\/p>\n<p><img decoding=\"async\" class=\"lazyload\" src=\"https:\/\/www.europesays.com\/africa\/wp-content\/uploads\/2026\/01\/152427-field_media_image-2980564-3ce859298d0ea47a296bdc5775b87e28706d744e.webp.webp\" alt=\"\"\/>L&#8217;attaquant nig\u00e9rian Victor Osimhen l&#8217;un des buteurs de la victoire 2-0 contre l&#8217;Alg\u00e9rie, en quart de finale de la CAN-2025, le 10 janvier 2026 \u00e0 Marrakech.\u00a0Photo : AFP\/VNA\/CVN<\/p>\n<p style=\"text-align:left\">Mais l&#8217;\u00e9quipe du s\u00e9lectionneur Vladimir Petkovic arrivait avec la meilleure d\u00e9fense du tournoi (un seul but encaiss\u00e9 au coup d&#8217;envoi). Et les Alg\u00e9riens ont longtemps fait front dans la temp\u00eate: tour \u00e0 tour Luca Zidane (deux arr\u00eats aux 23e et 45e+3), Rayan A\u00eft-Nouri (deux sauvetages in extremis dans la surface aux 26e et 32e) ou encore Ramy Benseba\u00efni, qui a sorti un ballon sur sa ligne de but \u00e0 la 29e minute, ont gard\u00e9 l&#8217;Alg\u00e9rie dans le match.<\/p>\n<p style=\"text-align:left\">Tensions au coup de sifflet final\u00a0<\/p>\n<p><img decoding=\"async\" class=\"lazyload\" src=\"https:\/\/www.europesays.com\/africa\/wp-content\/uploads\/2026\/01\/152502-field_media_image-2980565-06ad574a5356e9d62ad4d19b894740aa648e6349.webp.webp\" alt=\"\"\/>Le d\u00e9fenseur alg\u00e9rien Rayan Ait-Nouri (gauche) aux prises avec le Nig\u00e9rian Victor Osimhen (C) cern\u00e9 par l&#8217;autre d\u00e9fenseur alg\u00e9rien Ramy Bensebaini (D) lors de la victoire du Nigeria 2-0 en quart de finale de la CAN-2025, le 10 janvier 2026 \u00e0 Marrakech.\u00a0Photo : AFP\/VNA\/CVN<\/p>\n<p style=\"text-align:left\">Dans les cordes, mais pas KO, l&#8217;Alg\u00e9rie pouvait s&#8217;estimer tr\u00e8s heureuse d&#8217;atteindre la mi-temps sur le score de 0-0.<\/p>\n<p style=\"text-align:left\">L&#8217;illusion n&#8217;a pas dur\u00e9. Les Nig\u00e9rians ont tr\u00e8s logiquement frapp\u00e9 deux fois au retour des vestiaires. L&#8217;in\u00e9vitable Osimhen, mal pris par la d\u00e9fense, a plac\u00e9 victorieusement une t\u00eate entre Zidane et Benseba\u00efni, \u00e0 la reprise d&#8217;un centre venu de la gauche (1-0, 47e).<\/p>\n<p style=\"text-align:left\">Dix minutes plus tard, l&#8217;attaquant de Galatasaray s&#8217;est mu\u00e9 en passeur d\u00e9cisif pour offrir un caviar \u00e0 Akor Adams, \u00e0 la conclusion d&#8217;une action collective d&#8217;\u00e9cole de football (2-0, 57e). Zidane, sous les yeux de son p\u00e8re Zin\u00e9dine pr\u00e9sent en tribune, a encore \u00e9t\u00e9 sauv\u00e9 par son poteau \u00e0 la 82e minute sur une tentative d&#8217;Adams.<\/p>\n<p style=\"text-align:left\">Les Alg\u00e9riens, bien entr\u00e9s dans le tournoi avec trois victoires en poule et une qualification acquise au bout des prolongations contre la RD Congo en huiti\u00e8me, tombent de tr\u00e8s haut. Leur capitaine Riyad Mahrez, \u00e0 34 ans, ancien du Havre devenu une star \u00e0 Manchester City et actuellement en Arabie Saoudite, a annonc\u00e9 que cette CAN serait sa derni\u00e8re.<\/p>\n<p style=\"text-align:left\">Apr\u00e8s le coup de sifflet final, des tensions ont \u00e9clat\u00e9 entre joueurs, avec un d\u00e9but d&#8217;altercation entre Luca Zidane et Fisayo Dele-Bashiru qu&#8217;il a fallu s\u00e9parer. Le corps arbitral a \u00e9galement \u00e9t\u00e9 pris \u00e0 partie au centre de la pelouse par des membres du staff alg\u00e9rien.<\/p>\n<p style=\"text-align:right\">AFP\/VNA\/CVN<\/p>\n","protected":false},"excerpt":{"rendered":"&#13; CAN-2025 : Le Nigeria, trop fort pour l&#8217;Alg\u00e9rie, d\u00e9fiera le Maroc en demi-finale&#13; Le Nigeria a surclass\u00e9&hellip;\n","protected":false},"author":2,"featured_media":17033,"comment_status":"","ping_status":"","sticky":false,"template":"","format":"standard","meta":{"footnotes":""},"categories":[254],"tags":[255,179,122],"class_list":{"0":"post-17032","1":"post","2":"type-post","3":"status-publish","4":"format-standard","5":"has-post-thumbnail","7":"category-algerie","8":"tag-algerie","9":"tag-can-2025","10":"tag-nigeria"},"share_on_mastodon":{"url":"","error":""},"_links":{"self":[{"href":"https:\/\/www.europesays.com\/africa\/wp-json\/wp\/v2\/posts\/17032","targetHints":{"allow":["GET"]}}],"collection":[{"href":"https:\/\/www.europesays.com\/africa\/wp-json\/wp\/v2\/posts"}],"about":[{"href":"https:\/\/www.europesays.com\/africa\/wp-json\/wp\/v2\/types\/post"}],"author":[{"embeddable":true,"href":"https:\/\/www.europesays.com\/africa\/wp-json\/wp\/v2\/users\/2"}],"replies":[{"embeddable":true,"href":"https:\/\/www.europesays.com\/africa\/wp-json\/wp\/v2\/comments?post=17032"}],"version-history":[{"count":0,"href":"https:\/\/www.europesays.com\/africa\/wp-json\/wp\/v2\/posts\/17032\/revisions"}],"wp:featuredmedia":[{"embeddable":true,"href":"https:\/\/www.europesays.com\/africa\/wp-json\/wp\/v2\/media\/17033"}],"wp:attachment":[{"href":"https:\/\/www.europesays.com\/africa\/wp-json\/wp\/v2\/media?parent=17032"}],"wp:term":[{"taxonomy":"category","embeddable":true,"href":"https:\/\/www.europesays.com\/africa\/wp-json\/wp\/v2\/categories?post=17032"},{"taxonomy":"post_tag","embeddable":true,"href":"https:\/\/www.europesays.com\/africa\/wp-json\/wp\/v2\/tags?post=17032"}],"curies":[{"name":"wp","href":"https:\/\/api.w.org\/{rel}","templated":true}]}}