{"id":17036,"date":"2026-01-11T12:42:08","date_gmt":"2026-01-11T12:42:08","guid":{"rendered":"https:\/\/www.europesays.com\/africa\/17036\/"},"modified":"2026-01-11T12:42:08","modified_gmt":"2026-01-11T12:42:08","slug":"laurent-batlles-si-le-maroc-est-sur-la-route-du-titre-je-suis-un-peu-mitige","status":"publish","type":"post","link":"https:\/\/www.europesays.com\/africa\/17036\/","title":{"rendered":"Laurent Batlles : &#8220;Si le Maroc est sur la route du titre\u00a0? Je suis un peu mitig\u00e9&#8221;"},"content":{"rendered":"<p><img width=\"773\" height=\"380\" data-lazy-type=\"image\" src=\"https:\/\/www.europesays.com\/africa\/wp-content\/uploads\/2026\/01\/bandicam-2022-07-30-16-22-28-113_resultat-773x380.jpg\" class=\"lazy lazy-hidden attachment-alchemists_thumbnail-lg size-alchemists_thumbnail-lg wp-post-image\" alt=\"\" decoding=\"async\" fetchpriority=\"high\"\/><img width=\"773\" height=\"380\" src=\"https:\/\/www.europesays.com\/africa\/wp-content\/uploads\/2026\/01\/bandicam-2022-07-30-16-22-28-113_resultat-773x380.jpg\" class=\"attachment-alchemists_thumbnail-lg size-alchemists_thumbnail-lg wp-post-image\" alt=\"\" decoding=\"async\" fetchpriority=\"high\"\/><\/p>\n<p>Sur Canal+, l\u2019ancien joueur des Girondins de Bordeaux d\u00e9sormais<br \/>\nentraineur et consultant, Laurent Batlles, s\u2019est<br \/>\nexprim\u00e9 sur les chances du Maroc d\u2019aller au bout dans cette Coupe<br \/>\nd\u2019Afrique des Nations.<\/p>\n<p>\u00ab\u00a0Si le Maroc est sur la route du titre\u00a0? Je suis un<br \/>\npeu mitig\u00e9, m\u00eame si je comprends qu\u2019ils sont en train de monter en<br \/>\npuissance, que des joueurs bless\u00e9s reviennent petit \u00e0 petit. Pour<br \/>\nautant, dans le jeu, j\u2019attends autre chose de cette \u00e9quipe avec la<br \/>\nqualit\u00e9 des joueurs qu\u2019ils ont\u2026 Ils doivent montrer beaucoup plus<br \/>\nde choses. Aujourd\u2019hui, avec ce qu\u2019ils ont fait notamment en Coupe<br \/>\ndu Monde, ils doivent \u00eatre capables d\u2019hausser leur niveau<br \/>\ntechnique, et leur niveau de jeu. C\u2019est ce qui me d\u00e9range un peu.<br \/>\nOn ne voit pas les lat\u00e9raux. Je crois qu\u2019ils se content de peu<br \/>\naujourd\u2019hui, et j\u2019aimerais les voir un peu plus offensifs. Je ne<br \/>\nsuis pas persuad\u00e9 qu\u2019ils arrivent au titre avec ce jeu-l\u00e0, au vu de<br \/>\nce que j\u2019ai vu chez d\u2019autres \u00e9quipes\u00a0\u00bb.<\/p>\n<p>Puis, il poursuit.<\/p>\n<p>\u00ab\u00a0Je pense que la valeur offensive du Nig\u00e9ria est plus<br \/>\nint\u00e9ressante que le Maroc. Mais d\u00e9fensivement non. Apr\u00e8s, on voit<br \/>\nque le S\u00e9n\u00e9gal ce n\u2019est pas mal, l\u2019Alg\u00e9rie a une g\u00e9n\u00e9ration un peu<br \/>\ndor\u00e9e. En dehors de \u00e7a, l\u2019Egypte et l\u2019Alg\u00e9rie m\u2019ont donn\u00e9 plus de<br \/>\ngaranties. La C\u00f4te d\u2019Ivoire a des joueurs de qualit\u00e9 sur les<br \/>\ncouloirs, des joueurs d\u00e9routants. Je trouve que dans le jeu, au vu<br \/>\nde ce que doit faire le Maroc, on doit en attendre plus. Apr\u00e8s, il<br \/>\ny a tout un contexte de pression autour des joueurs aussi, et \u00e7a<br \/>\npeut se comprendre. Mais en termes de jeu, il y a des \u00e9quipes qui<br \/>\nont donn\u00e9 des valeurs offensives plus int\u00e9ressantes que le<br \/>\nMaroc\u00a0\u00bb.<\/p>\n<p style=\"text-align: right;\"><a href=\"http:\/\/girondins4ever.com\" rel=\"nofollow noopener\" target=\"_blank\">Retranscription Girondins4Ever<\/a><\/p>\n","protected":false},"excerpt":{"rendered":"Sur Canal+, l\u2019ancien joueur des Girondins de Bordeaux d\u00e9sormais entraineur et consultant, Laurent Batlles, s\u2019est exprim\u00e9 sur les&hellip;\n","protected":false},"author":2,"featured_media":17037,"comment_status":"","ping_status":"","sticky":false,"template":"","format":"standard","meta":{"footnotes":""},"categories":[41],"tags":[158],"class_list":{"0":"post-17036","1":"post","2":"type-post","3":"status-publish","4":"format-standard","5":"has-post-thumbnail","7":"category-maroc","8":"tag-maroc"},"share_on_mastodon":{"url":"","error":""},"_links":{"self":[{"href":"https:\/\/www.europesays.com\/africa\/wp-json\/wp\/v2\/posts\/17036","targetHints":{"allow":["GET"]}}],"collection":[{"href":"https:\/\/www.europesays.com\/africa\/wp-json\/wp\/v2\/posts"}],"about":[{"href":"https:\/\/www.europesays.com\/africa\/wp-json\/wp\/v2\/types\/post"}],"author":[{"embeddable":true,"href":"https:\/\/www.europesays.com\/africa\/wp-json\/wp\/v2\/users\/2"}],"replies":[{"embeddable":true,"href":"https:\/\/www.europesays.com\/africa\/wp-json\/wp\/v2\/comments?post=17036"}],"version-history":[{"count":0,"href":"https:\/\/www.europesays.com\/africa\/wp-json\/wp\/v2\/posts\/17036\/revisions"}],"wp:featuredmedia":[{"embeddable":true,"href":"https:\/\/www.europesays.com\/africa\/wp-json\/wp\/v2\/media\/17037"}],"wp:attachment":[{"href":"https:\/\/www.europesays.com\/africa\/wp-json\/wp\/v2\/media?parent=17036"}],"wp:term":[{"taxonomy":"category","embeddable":true,"href":"https:\/\/www.europesays.com\/africa\/wp-json\/wp\/v2\/categories?post=17036"},{"taxonomy":"post_tag","embeddable":true,"href":"https:\/\/www.europesays.com\/africa\/wp-json\/wp\/v2\/tags?post=17036"}],"curies":[{"name":"wp","href":"https:\/\/api.w.org\/{rel}","templated":true}]}}