{"id":17059,"date":"2026-01-11T12:56:09","date_gmt":"2026-01-11T12:56:09","guid":{"rendered":"https:\/\/www.europesays.com\/africa\/17059\/"},"modified":"2026-01-11T12:56:09","modified_gmt":"2026-01-11T12:56:09","slug":"emploi-des-jeunes-le-gouvernement-doit-adapter-lenseignement-au-marche-du-travail-explique-leconomiste-badr-zaher-lazrak","status":"publish","type":"post","link":"https:\/\/www.europesays.com\/africa\/17059\/","title":{"rendered":"Emploi des jeunes: le gouvernement doit adapter l\u2019enseignement au march\u00e9 du travail, explique l\u2019\u00e9conomiste Badr Zaher Lazrak"},"content":{"rendered":"<p class=\"default__StyledText-sc-10mj2vp-0 CxBBS body-paragraph\">Intervenant devant un auditoire d\u2019\u00e9tudiants en cycles sup\u00e9rieurs, cet expert en \u00e9conomie sociale et professeur \u00e0 l\u2019Universit\u00e9 Hassan II a exhort\u00e9 le gouvernement actuel, ainsi que ses successeurs, \u00e0 repenser l\u2019ad\u00e9quation formation-emploi.<\/p>\n<p class=\"default__StyledText-sc-10mj2vp-0 CxBBS body-paragraph\">Les chiffres sont alarmants: selon lui, 45% des laur\u00e9ats universitaires sont au ch\u00f4mage lors de leur qu\u00eate d\u2019un premier emploi. L\u2019expert a oppos\u00e9 ce constat au mod\u00e8le r\u00e9ussi des grandes \u00e9coles, publiques et priv\u00e9es, dont les cursus sont d\u00e9j\u00e0 adapt\u00e9s aux r\u00e9alit\u00e9s \u00e9conomiques. \u00abEnviron 45 % des jeunes dipl\u00f4m\u00e9s des universit\u00e9s ne parviennent pas \u00e0 acc\u00e9der au march\u00e9 du travail. Et ce chiffre n\u2019inclut pas le million de jeunes sans emploi, ni formation, ni \u00e9tudes\u00bb, a-t-il pr\u00e9cis\u00e9 au micro de Le360.<\/p>\n<p class=\"default__StyledText-sc-10mj2vp-0 CxBBS body-paragraph\">Pour Badr Zaher Lazrak, le d\u00e9calage est flagrant: alors que l\u2019\u00e9conomie \u00e9volue vers l\u2019intelligence artificielle, la logistique ou l\u2019industrie automobile, \u00ab80 % des enseignements universitaires restent th\u00e9oriques et obsol\u00e8tes, prisonniers du syst\u00e8me des \u00e9tablissements \u00e0 acc\u00e8s ouvert\u00bb. En conclusion, il a appel\u00e9 les institutions \u00e9ducatives et la soci\u00e9t\u00e9 civile \u00e0 s\u2019unir pour proposer au gouvernement des \u00absolutions curatives\u00bb face \u00e0 ces d\u00e9faillances structurelles.<\/p>\n<p>Par <a class=\"article-main-information-credits-bold href\" href=\"https:\/\/fr.le360.ma\/auteur\/mohamed-chakir-alaoui\" rel=\"nofollow noopener\" target=\"_blank\">Mohamed Chakir Alaoui<\/a> et Yassine Mannan<\/p>\n<p>Le 11\/01\/2026 \u00e0 11h50<\/p>\n","protected":false},"excerpt":{"rendered":"Intervenant devant un auditoire d\u2019\u00e9tudiants en cycles sup\u00e9rieurs, cet expert en \u00e9conomie sociale et professeur \u00e0 l\u2019Universit\u00e9 Hassan&hellip;\n","protected":false},"author":2,"featured_media":17060,"comment_status":"","ping_status":"","sticky":false,"template":"","format":"standard","meta":{"footnotes":""},"categories":[41],"tags":[3121,3120,10906,158,10905,10907],"class_list":{"0":"post-17059","1":"post","2":"type-post","3":"status-publish","4":"format-standard","5":"has-post-thumbnail","7":"category-maroc","8":"tag-chomage","9":"tag-emploi","10":"tag-formation","11":"tag-maroc","12":"tag-travail","13":"tag-universite"},"share_on_mastodon":{"url":"","error":""},"_links":{"self":[{"href":"https:\/\/www.europesays.com\/africa\/wp-json\/wp\/v2\/posts\/17059","targetHints":{"allow":["GET"]}}],"collection":[{"href":"https:\/\/www.europesays.com\/africa\/wp-json\/wp\/v2\/posts"}],"about":[{"href":"https:\/\/www.europesays.com\/africa\/wp-json\/wp\/v2\/types\/post"}],"author":[{"embeddable":true,"href":"https:\/\/www.europesays.com\/africa\/wp-json\/wp\/v2\/users\/2"}],"replies":[{"embeddable":true,"href":"https:\/\/www.europesays.com\/africa\/wp-json\/wp\/v2\/comments?post=17059"}],"version-history":[{"count":0,"href":"https:\/\/www.europesays.com\/africa\/wp-json\/wp\/v2\/posts\/17059\/revisions"}],"wp:featuredmedia":[{"embeddable":true,"href":"https:\/\/www.europesays.com\/africa\/wp-json\/wp\/v2\/media\/17060"}],"wp:attachment":[{"href":"https:\/\/www.europesays.com\/africa\/wp-json\/wp\/v2\/media?parent=17059"}],"wp:term":[{"taxonomy":"category","embeddable":true,"href":"https:\/\/www.europesays.com\/africa\/wp-json\/wp\/v2\/categories?post=17059"},{"taxonomy":"post_tag","embeddable":true,"href":"https:\/\/www.europesays.com\/africa\/wp-json\/wp\/v2\/tags?post=17059"}],"curies":[{"name":"wp","href":"https:\/\/api.w.org\/{rel}","templated":true}]}}