{"id":17074,"date":"2026-01-11T13:06:07","date_gmt":"2026-01-11T13:06:07","guid":{"rendered":"https:\/\/www.europesays.com\/africa\/17074\/"},"modified":"2026-01-11T13:06:07","modified_gmt":"2026-01-11T13:06:07","slug":"mort-du-juriste-albert-bourgi-qui-defendait-une-autre-idee-des-relations-entre-lafrique-et-la-france","status":"publish","type":"post","link":"https:\/\/www.europesays.com\/africa\/17074\/","title":{"rendered":"Mort du juriste Albert Bourgi qui d\u00e9fendait une autre id\u00e9e des relations entre l\u2019Afrique et la France"},"content":{"rendered":"<p>Avec le d\u00e9c\u00e8s d\u2019Albert Bourgi, le 7\u00a0janvier \u00e0 Paris \u00e0 l\u2019\u00e2ge de 83\u00a0ans, une certaine id\u00e9e de l\u2019Afrique, progressiste et d\u00e9mocratique dispara\u00eet. Albert Bourgi \u2013 \u00e0 ne pas confondre \u00e0 son fr\u00e8re Robert, lui aussi sp\u00e9cialiste de l\u2019Afrique mais au service de la Fran\u00e7afrique, paternaliste et n\u00e9ocoloniale \u2013 \u00e9tait sp\u00e9cialis\u00e9 en droit public et en relations internationales. Ses travaux ont port\u00e9 principalement sur le constitutionnalisme africain, les transitions d\u00e9mocratiques et les r\u00e9gimes politiques du continent. Il d\u00e9fendait une autre id\u00e9e des relations entre la France et l\u2019Afrique, bas\u00e9e&#8230;<\/p>\n","protected":false},"excerpt":{"rendered":"Avec le d\u00e9c\u00e8s d\u2019Albert Bourgi, le 7\u00a0janvier \u00e0 Paris \u00e0 l\u2019\u00e2ge de 83\u00a0ans, une certaine id\u00e9e de l\u2019Afrique,&hellip;\n","protected":false},"author":2,"featured_media":17075,"comment_status":"","ping_status":"","sticky":false,"template":"","format":"standard","meta":{"footnotes":""},"categories":[62],"tags":[64],"class_list":{"0":"post-17074","1":"post","2":"type-post","3":"status-publish","4":"format-standard","5":"has-post-thumbnail","7":"category-afrique","8":"tag-afrique"},"share_on_mastodon":{"url":"","error":""},"_links":{"self":[{"href":"https:\/\/www.europesays.com\/africa\/wp-json\/wp\/v2\/posts\/17074","targetHints":{"allow":["GET"]}}],"collection":[{"href":"https:\/\/www.europesays.com\/africa\/wp-json\/wp\/v2\/posts"}],"about":[{"href":"https:\/\/www.europesays.com\/africa\/wp-json\/wp\/v2\/types\/post"}],"author":[{"embeddable":true,"href":"https:\/\/www.europesays.com\/africa\/wp-json\/wp\/v2\/users\/2"}],"replies":[{"embeddable":true,"href":"https:\/\/www.europesays.com\/africa\/wp-json\/wp\/v2\/comments?post=17074"}],"version-history":[{"count":0,"href":"https:\/\/www.europesays.com\/africa\/wp-json\/wp\/v2\/posts\/17074\/revisions"}],"wp:featuredmedia":[{"embeddable":true,"href":"https:\/\/www.europesays.com\/africa\/wp-json\/wp\/v2\/media\/17075"}],"wp:attachment":[{"href":"https:\/\/www.europesays.com\/africa\/wp-json\/wp\/v2\/media?parent=17074"}],"wp:term":[{"taxonomy":"category","embeddable":true,"href":"https:\/\/www.europesays.com\/africa\/wp-json\/wp\/v2\/categories?post=17074"},{"taxonomy":"post_tag","embeddable":true,"href":"https:\/\/www.europesays.com\/africa\/wp-json\/wp\/v2\/tags?post=17074"}],"curies":[{"name":"wp","href":"https:\/\/api.w.org\/{rel}","templated":true}]}}