{"id":17090,"date":"2026-01-11T13:21:18","date_gmt":"2026-01-11T13:21:18","guid":{"rendered":"https:\/\/www.europesays.com\/africa\/17090\/"},"modified":"2026-01-11T13:21:18","modified_gmt":"2026-01-11T13:21:18","slug":"le-selectionneur-du-maroc-penche-pour-une-demi-finale-face-a-lalgerie","status":"publish","type":"post","link":"https:\/\/www.europesays.com\/africa\/17090\/","title":{"rendered":"le s\u00e9lectionneur du Maroc penche pour une demi-finale face \u00e0 l\u2019Alg\u00e9rie"},"content":{"rendered":"<p class=\"su-standfirst chapeau\">Le Maroc est pour l\u2019instant au rendez-vous de \u00ab\u00a0sa\u00a0\u00bb Coupe d\u2019Afrique des nations. Le pays h\u00f4te a \u00e9cart\u00e9 le Cameroun, vendredi 9\u00a0janvier, en quarts de finale et attend de conna\u00eetre son adversaire en demi-finale, qui sera soit l\u2019Alg\u00e9rie, soit le Nig\u00e9ria. Walid Regragui, son s\u00e9lectionneur, penche plut\u00f4t pour un choc aux Fennecs.<\/p>\n<p>                                        <img decoding=\"async\" class=\"su-media\" src=\"https:\/\/www.europesays.com\/africa\/wp-content\/uploads\/2026\/01\/MjAyNjAxMjFlZWNiNWI4ZmExZTQzOWI0MmFmZWU1N2ViOGE1MGE.jpeg\" alt=\"Walid Regragui ne dit pas non \u00e0 un Maroc - Alg\u00e9rie en demi-finale de la CAN.\"  \/><\/p>\n<p>                            Walid Regragui ne dit pas non \u00e0 un Maroc &#8211; Alg\u00e9rie en demi-finale de la CAN. | SEBASTIEN BOZON \/ AFP<\/p>\n<p>                            fermer<\/p>\n<p><img decoding=\"async\" data-ofmaxheight=\"\" class=\"su-media lazyload\" alt=\"Walid Regragui ne dit pas non \u00e0 un Maroc - Alg\u00e9rie en demi-finale de la CAN.\" src=\"data:image\/png;base64,iVBORw0KGgoAAAANSUhEUgAAABAAAAAJCAYAAAA7KqwyAAAAGXRFWHRTb2Z0d2FyZQBBZG9iZSBJbWFnZVJlYWR5ccllPAAAABhJREFUeNpi\/P\/\/PwMlgHHUgFEDgAAgwAD+lBrvy+NcxAAAAABJRU5ErkJggg==\" data-oflazyload=\"{&quot;srcset&quot;:&quot;https:\/\/media.ouest-france.fr\/v1\/pictures\/MjAyNjAxMjFlZWNiNWI4ZmExZTQzOWI0MmFmZWU1N2ViOGE1MGE?width=320&amp;focuspoint=50%2C25&amp;cropresize=1&amp;client_id=bpeditorial&amp;sign=e63b6dd0ab4db380b3541a5025e882c205741da1fcbd6d9510c460adf4102f74 320w,https:\/\/media.ouest-france.fr\/v1\/pictures\/MjAyNjAxMjFlZWNiNWI4ZmExZTQzOWI0MmFmZWU1N2ViOGE1MGE?width=375&amp;focuspoint=50%2C25&amp;cropresize=1&amp;client_id=bpeditorial&amp;sign=c65220623a9acef5240897dfb1b4e98d75966d470f4d7f108ade2cf0cb3cf39b 360w,https:\/\/media.ouest-france.fr\/v1\/pictures\/MjAyNjAxMjFlZWNiNWI4ZmExZTQzOWI0MmFmZWU1N2ViOGE1MGE?width=480&amp;focuspoint=50%2C25&amp;cropresize=1&amp;client_id=bpeditorial&amp;sign=2d2c95d13a271621ee7718d4ccbc7f37690989c11e58a0945632f216a46c85e4 480w,https:\/\/media.ouest-france.fr\/v1\/pictures\/MjAyNjAxMjFlZWNiNWI4ZmExZTQzOWI0MmFmZWU1N2ViOGE1MGE?width=630&amp;focuspoint=50%2C25&amp;cropresize=1&amp;client_id=bpeditorial&amp;sign=21fe90d2144d20ef6bb5f6b10727d9a423d2707871626821cefc3b7aa21b2dc1 630w,https:\/\/media.ouest-france.fr\/v1\/pictures\/MjAyNjAxMjFlZWNiNWI4ZmExZTQzOWI0MmFmZWU1N2ViOGE1MGE?width=940&amp;focuspoint=50%2C25&amp;cropresize=1&amp;client_id=bpeditorial&amp;sign=659203e231eab7088c4e2849ee9d30ed740207623cdd3f76651d35ffd041e92f 940w,https:\/\/media.ouest-france.fr\/v1\/pictures\/MjAyNjAxMjFlZWNiNWI4ZmExZTQzOWI0MmFmZWU1N2ViOGE1MGE?width=1260&amp;focuspoint=50%2C25&amp;cropresize=1&amp;client_id=bpeditorial&amp;sign=9bdc1a34799574bf689c141ae7d04904b5390299cf53d40c5e601020e6251ed2 1260w&quot;}\"\/>Walid Regragui ne dit pas non \u00e0 un Maroc &#8211; Alg\u00e9rie en demi-finale de la CAN. | SEBASTIEN BOZON \/ AFP                            <\/p>\n<p>        Publi\u00e9 le 10\/01\/2026  \u00e0 11h08<\/p>\n<p>                            Lire plus tard<\/p>\n<p>                            Partager<\/p>\n<p>                        FacebookFacebookBlueSkyBlueSkyFlipboardFlipboardlinkedinLinkedIn<\/p>\n<p class=\"su-h3 su-margin-bottom-xs\">Newsletter Football<\/p>\n<p>Chaque jour, le meilleur du foot avec la r\u00e9daction des Sports Ouest-France<\/p>\n<p class=\"su-margin-top-s su-text-xsmall texte-rgpd su-hidden\">Votre e-mail, avec votre consentement, est utilis\u00e9 par Ouest-France pour recevoir notre newsletter. <a class=\"su-link-light\" href=\"https:\/\/www.ouest-france.fr\/politique-de-protection-des-donnees-personnelles\/\" rel=\"nofollow noopener\" target=\"_blank\">En\u00a0savoir\u00a0plus<\/a>.<\/p>\n<p>Le Maroc prendra ce qu\u2019il aura mais il ne dit pas non \u00e0 un choc face \u00e0 l\u2019Alg\u00e9rie en demi-finale de \u00ab\u00a0sa\u00a0\u00bb Coupe d\u2019Afrique des nations. <a href=\"https:\/\/www.ouest-france.fr\/sport\/football\/coupe-d-afrique-des-nations\/can-des-gens-qui-veulent-nous-voir-tomber-walid-regragui-agace-par-les-accusations-sur-le-maroc-et-larbitrage-c29d1c84-ee00-11f0-a051-5e965463f148\" target=\"_self\" rel=\"nofollow noopener\">Les Lions de l\u2019Atlas ont jusqu\u2019ici r\u00e9pondu aux attentes<\/a> qui entourent \u00e0 chaque \u00e9dition le pays h\u00f4te et ont rappel\u00e9, vendredi, combien ils \u00e9taient d\u00e9termin\u00e9s \u00e0 aller au bout. Gr\u00e2ce \u00e0 des buts de Brahim Diaz et Ismael Saibari, <a href=\"https:\/\/www.ouest-france.fr\/sport\/football\/coupe-d-afrique-des-nations\/direct\/direct-cameroun-maroc-suivez-le-quart-de-finale-de-la-can-en-live-43049611-1ca9-4bcb-840b-60684c0b0ccf\" target=\"_self\" rel=\"nofollow noopener\">ils ont en effet \u00e9cart\u00e9 le Cameroun (2-0) en quarts de finale<\/a> et se sont ouvert les portes du dernier carr\u00e9. Reste d\u00e9sormais \u00e0 conna\u00eetre leur adversaire, entre l\u2019Alg\u00e9rie et le Nigeria qui s\u2019affrontent ce samedi (17\u00a0h).<\/p>\n<p>        \u00ab\u00a0Ce sera une grande f\u00eate\u00a0\u00bb<\/p>\n<p>Walid Regragui, le s\u00e9lectionneur marocain, a confi\u00e9 avoir un petit penchant pour l\u2019un plus que pour l\u2019autre. \ufeff\u00ab\u00a0\u00c0 ce niveau de la comp\u00e9tition, on n\u2019a pas de souhait, ce sont deux grandes nations du football, deux \u00e9quipes avec deux styles diff\u00e9rents, a-t-il exprim\u00e9 apr\u00e8s la qualification de son \u00e9quipe. Maintenant, si c\u2019est l\u2019Alg\u00e9rie, ce sera un vrai derby. Je pense que ce sera m\u00eame historique en demi-finale. Ce serait beau pour le football aussi, entre deux peuples fr\u00e8res. Donc, si ce sont eux, on sera tr\u00e8s heureux parce que ce sera une grande f\u00eate aussi.\u00a0\u00bb<\/p>\n<p>Et de conclure\u00a0: \ufeff\u00ab  Si c\u2019est le Nigeria, ce sera notre style. On ne souhaite personne. La meilleure \u00e9quipe passera et on devra affronter les meilleurs pour aller au bout.\u00a0\u00bb<\/p>\n","protected":false},"excerpt":{"rendered":"Le Maroc est pour l\u2019instant au rendez-vous de \u00ab\u00a0sa\u00a0\u00bb Coupe d\u2019Afrique des nations. Le pays h\u00f4te a \u00e9cart\u00e9&hellip;\n","protected":false},"author":2,"featured_media":17091,"comment_status":"","ping_status":"","sticky":false,"template":"","format":"standard","meta":{"footnotes":""},"categories":[62],"tags":[4057,64,255,940,9771,3254,311,158,310],"class_list":{"0":"post-17090","1":"post","2":"type-post","3":"status-publish","4":"format-standard","5":"has-post-thumbnail","7":"category-afrique","8":"tag-actualite-en-continu","9":"tag-afrique","10":"tag-algerie","11":"tag-coupe-dafrique-des-nations","12":"tag-equipe-algerie-football","13":"tag-equipe-du-maroc-de-football","14":"tag-football","15":"tag-maroc","16":"tag-sport"},"share_on_mastodon":{"url":"","error":""},"_links":{"self":[{"href":"https:\/\/www.europesays.com\/africa\/wp-json\/wp\/v2\/posts\/17090","targetHints":{"allow":["GET"]}}],"collection":[{"href":"https:\/\/www.europesays.com\/africa\/wp-json\/wp\/v2\/posts"}],"about":[{"href":"https:\/\/www.europesays.com\/africa\/wp-json\/wp\/v2\/types\/post"}],"author":[{"embeddable":true,"href":"https:\/\/www.europesays.com\/africa\/wp-json\/wp\/v2\/users\/2"}],"replies":[{"embeddable":true,"href":"https:\/\/www.europesays.com\/africa\/wp-json\/wp\/v2\/comments?post=17090"}],"version-history":[{"count":0,"href":"https:\/\/www.europesays.com\/africa\/wp-json\/wp\/v2\/posts\/17090\/revisions"}],"wp:featuredmedia":[{"embeddable":true,"href":"https:\/\/www.europesays.com\/africa\/wp-json\/wp\/v2\/media\/17091"}],"wp:attachment":[{"href":"https:\/\/www.europesays.com\/africa\/wp-json\/wp\/v2\/media?parent=17090"}],"wp:term":[{"taxonomy":"category","embeddable":true,"href":"https:\/\/www.europesays.com\/africa\/wp-json\/wp\/v2\/categories?post=17090"},{"taxonomy":"post_tag","embeddable":true,"href":"https:\/\/www.europesays.com\/africa\/wp-json\/wp\/v2\/tags?post=17090"}],"curies":[{"name":"wp","href":"https:\/\/api.w.org\/{rel}","templated":true}]}}