{"id":17112,"date":"2026-01-11T13:39:10","date_gmt":"2026-01-11T13:39:10","guid":{"rendered":"https:\/\/www.europesays.com\/africa\/17112\/"},"modified":"2026-01-11T13:39:10","modified_gmt":"2026-01-11T13:39:10","slug":"mobilisation-des-ressources-fiscales-nadia-fettah-expose-la-feuille-de-route-du-maroc-a-abidjan","status":"publish","type":"post","link":"https:\/\/www.europesays.com\/africa\/17112\/","title":{"rendered":"Mobilisation des ressources fiscales : Nadia Fettah expose la feuille de route du Maroc \u00e0 Abidjan"},"content":{"rendered":"<p><img loading=\"lazy\" decoding=\"async\" class=\"aligncenter wp-image-445417 size-full\" src=\"https:\/\/www.europesays.com\/africa\/wp-content\/uploads\/2026\/01\/visite-mef-bad768.jpg\" alt=\"\" width=\"800\" height=\"400\"  \/><\/p>\n<p>Nadia Fettah, ministre de l\u2019\u00c9conomie et des Finances, a particip\u00e9 \u00e0 la premi\u00e8re \u00e9dition des Entretiens strat\u00e9giques de la Banque africaine de d\u00e9veloppement (BAD) \u00e0 Abidjan, le 7 janvier 2026. L\u2019\u00e9v\u00e9nement a r\u00e9uni des ministres africains pour \u00e9changer sur la mobilisation des ressources domestiques.<\/p>\n<p>La ministre a pr\u00e9sent\u00e9 la strat\u00e9gie du Maroc en mati\u00e8re de fiscalit\u00e9, soulignant l\u2019importance de la digitalisation et de la confiance citoyenne pour la r\u00e9ussite des r\u00e9formes.<\/p>\n<p>Elle a aussi insist\u00e9 sur le r\u00f4le catalyseur de la BAD pour promouvoir les bonnes pratiques continentales. Les participants ont salu\u00e9 les avanc\u00e9es du Maroc et exprim\u00e9 leur int\u00e9r\u00eat pour son mod\u00e8le.<\/p>\n<p>En marge de la conf\u00e9rence, Nadia Fettah a rencontr\u00e9 le Pr\u00e9sident du Groupe de la BAD pour discuter du renforcement de la position du Maroc au sein de la Banque.<\/p>\n","protected":false},"excerpt":{"rendered":"Nadia Fettah, ministre de l\u2019\u00c9conomie et des Finances, a particip\u00e9 \u00e0 la premi\u00e8re \u00e9dition des Entretiens strat\u00e9giques de&hellip;\n","protected":false},"author":2,"featured_media":17113,"comment_status":"","ping_status":"","sticky":false,"template":"","format":"standard","meta":{"footnotes":""},"categories":[41],"tags":[158],"class_list":{"0":"post-17112","1":"post","2":"type-post","3":"status-publish","4":"format-standard","5":"has-post-thumbnail","7":"category-maroc","8":"tag-maroc"},"share_on_mastodon":{"url":"","error":""},"_links":{"self":[{"href":"https:\/\/www.europesays.com\/africa\/wp-json\/wp\/v2\/posts\/17112","targetHints":{"allow":["GET"]}}],"collection":[{"href":"https:\/\/www.europesays.com\/africa\/wp-json\/wp\/v2\/posts"}],"about":[{"href":"https:\/\/www.europesays.com\/africa\/wp-json\/wp\/v2\/types\/post"}],"author":[{"embeddable":true,"href":"https:\/\/www.europesays.com\/africa\/wp-json\/wp\/v2\/users\/2"}],"replies":[{"embeddable":true,"href":"https:\/\/www.europesays.com\/africa\/wp-json\/wp\/v2\/comments?post=17112"}],"version-history":[{"count":0,"href":"https:\/\/www.europesays.com\/africa\/wp-json\/wp\/v2\/posts\/17112\/revisions"}],"wp:featuredmedia":[{"embeddable":true,"href":"https:\/\/www.europesays.com\/africa\/wp-json\/wp\/v2\/media\/17113"}],"wp:attachment":[{"href":"https:\/\/www.europesays.com\/africa\/wp-json\/wp\/v2\/media?parent=17112"}],"wp:term":[{"taxonomy":"category","embeddable":true,"href":"https:\/\/www.europesays.com\/africa\/wp-json\/wp\/v2\/categories?post=17112"},{"taxonomy":"post_tag","embeddable":true,"href":"https:\/\/www.europesays.com\/africa\/wp-json\/wp\/v2\/tags?post=17112"}],"curies":[{"name":"wp","href":"https:\/\/api.w.org\/{rel}","templated":true}]}}