{"id":17147,"date":"2026-01-11T14:06:35","date_gmt":"2026-01-11T14:06:35","guid":{"rendered":"https:\/\/www.europesays.com\/africa\/17147\/"},"modified":"2026-01-11T14:06:35","modified_gmt":"2026-01-11T14:06:35","slug":"la-charge-de-waly-diouf-bodian-contre-thierno-alassane-sall","status":"publish","type":"post","link":"https:\/\/www.europesays.com\/africa\/17147\/","title":{"rendered":"La charge de Waly Diouf Bodian contre Thierno Alassane Sall"},"content":{"rendered":"<p class=\"firstp\">Le Directeur g\u00e9n\u00e9ral du Port autonome de Dakar, Waly Diouf Bodian, a vivement r\u00e9agi sur ses r\u00e9seaux sociaux \u00e0 une initiative politique attribu\u00e9e au d\u00e9put\u00e9 Thierno Alassane Sall, ancien ministre et ancien directeur g\u00e9n\u00e9ral sous le r\u00e9gime pr\u00e9c\u00e9dent.<\/p>\n<p>Dans sa publication, Waly Diouf Bodian estime que la d\u00e9marche du parlementaire, consistant selon lui \u00e0 s\u2019int\u00e9resser au nombre de poteaux \u00e9lectriques r\u00e9alis\u00e9s par l\u2019Agence s\u00e9n\u00e9galaise d\u2019\u00e9lectrification rurale (ASER), est \u00ab inutile \u00bb et d\u00e9nu\u00e9e de pertinence politique. Il qualifie cette initiative de signe d\u2019un manque d\u2019id\u00e9es au sein de l\u2019opposition, qu\u2019il juge en difficult\u00e9.\n<\/p>\n<p>Le responsable du Port autonome de Dakar avance \u00e9galement que Thierno Alassane Sall chercherait \u00e0 d\u00e9tourner l\u2019attention de questions li\u00e9es \u00e0 sa propre gestion pass\u00e9e, \u00e9voquant un suppos\u00e9 \u00ab imaginaire scandale \u00bb autour de l\u2019ASER. Il affirme par ailleurs que le d\u00e9put\u00e9 aurait \u00e9t\u00e9 mis en difficult\u00e9 par les r\u00e9ponses du directeur g\u00e9n\u00e9ral actuel de l\u2019ASER, Jean Michel S\u00e8ne.\n<\/p>\n<p>Waly Diouf Bodian reproche enfin au d\u00e9put\u00e9 de vouloir, selon ses termes, influencer l\u2019opinion publique \u00e0 travers des d\u00e9placements politiques et des prises de parole m\u00e9diatiques qu\u2019il juge infond\u00e9es. Il conclut son message par une critique plus large de l\u2019opposition, qu\u2019il estime marginalis\u00e9e face aux actions du gouvernement en place et \u00e0 la communication de ses dirigeants.<\/p>\n<p>Cette sortie s\u2019inscrit dans un contexte de tensions verbales r\u00e9currentes entre responsables du pouvoir et figures de l\u2019opposition, sur fond de d\u00e9bats autour de la gouvernance pass\u00e9e et actuelle du secteur de l\u2019\u00e9nergie au S\u00e9n\u00e9gal.<\/p>\n","protected":false},"excerpt":{"rendered":"Le Directeur g\u00e9n\u00e9ral du Port autonome de Dakar, Waly Diouf Bodian, a vivement r\u00e9agi sur ses r\u00e9seaux sociaux&hellip;\n","protected":false},"author":2,"featured_media":17148,"comment_status":"","ping_status":"","sticky":false,"template":"","format":"standard","meta":{"footnotes":""},"categories":[48],"tags":[248,159,163,4690,10934],"class_list":{"0":"post-17147","1":"post","2":"type-post","3":"status-publish","4":"format-standard","5":"has-post-thumbnail","7":"category-senegal","8":"tag-politique","9":"tag-senegal","10":"tag-senegal-actualites","11":"tag-thierno-alassane-sall","12":"tag-waly-diouf-bodian"},"share_on_mastodon":{"url":"","error":""},"_links":{"self":[{"href":"https:\/\/www.europesays.com\/africa\/wp-json\/wp\/v2\/posts\/17147","targetHints":{"allow":["GET"]}}],"collection":[{"href":"https:\/\/www.europesays.com\/africa\/wp-json\/wp\/v2\/posts"}],"about":[{"href":"https:\/\/www.europesays.com\/africa\/wp-json\/wp\/v2\/types\/post"}],"author":[{"embeddable":true,"href":"https:\/\/www.europesays.com\/africa\/wp-json\/wp\/v2\/users\/2"}],"replies":[{"embeddable":true,"href":"https:\/\/www.europesays.com\/africa\/wp-json\/wp\/v2\/comments?post=17147"}],"version-history":[{"count":0,"href":"https:\/\/www.europesays.com\/africa\/wp-json\/wp\/v2\/posts\/17147\/revisions"}],"wp:featuredmedia":[{"embeddable":true,"href":"https:\/\/www.europesays.com\/africa\/wp-json\/wp\/v2\/media\/17148"}],"wp:attachment":[{"href":"https:\/\/www.europesays.com\/africa\/wp-json\/wp\/v2\/media?parent=17147"}],"wp:term":[{"taxonomy":"category","embeddable":true,"href":"https:\/\/www.europesays.com\/africa\/wp-json\/wp\/v2\/categories?post=17147"},{"taxonomy":"post_tag","embeddable":true,"href":"https:\/\/www.europesays.com\/africa\/wp-json\/wp\/v2\/tags?post=17147"}],"curies":[{"name":"wp","href":"https:\/\/api.w.org\/{rel}","templated":true}]}}