{"id":17170,"date":"2026-01-11T14:21:08","date_gmt":"2026-01-11T14:21:08","guid":{"rendered":"https:\/\/www.europesays.com\/africa\/17170\/"},"modified":"2026-01-11T14:21:08","modified_gmt":"2026-01-11T14:21:08","slug":"les-mots-forts-deric-chelle-sur-le-maroc","status":"publish","type":"post","link":"https:\/\/www.europesays.com\/africa\/17170\/","title":{"rendered":"les mots forts d\u2019\u00c9ric Chelle sur le Maroc"},"content":{"rendered":"<p>Qualifi\u00e9 pour les demi-finales apr\u00e8s <a href=\"https:\/\/www.footmercato.net\/live\/1530726450857634764-algerie-vs-nigeria\" rel=\"nofollow noopener\" target=\"_blank\">sa victoire face \u00e0 l\u2019Alg\u00e9rie (0-2)<\/a>, le <a href=\"https:\/\/www.footmercato.net\/selection\/nigeria-u23\/\" rel=\"nofollow noopener\" target=\"_blank\">Nigeria<\/a> s\u2019appr\u00eate \u00e0 d\u00e9fier le <a href=\"https:\/\/www.footmercato.net\/selection\/maroc\/\" rel=\"nofollow noopener\" target=\"_blank\">Maroc<\/a>, tombeur du Cameroun, dans une affiche tr\u00e8s attendue du dernier carr\u00e9. \u00c0 trois jours de cette confrontation, le s\u00e9lectionneur nig\u00e9rian \u00c9ric <a href=\"https:\/\/www.footmercato.net\/entraineur\/eric-chelle\" rel=\"nofollow noopener\" target=\"_blank\">Chelle<\/a> a tenu \u00e0 souligner l\u2019ampleur du d\u00e9fi qui attend ses joueurs face \u00e0 l\u2019un des poids lourds du football africain, qui \u00e9voluera en plus \u00e0 domicile.<\/p>\n<p>            La suite apr\u00e8s cette publicit\u00e9<\/p>\n<p>En conf\u00e9rence de presse, Chelle a insist\u00e9 sur la force collective des Lions de l\u2019Atlas et sur la pression particuli\u00e8re qui accompagne le statut de pays organisateur : \u00ab le Maroc est une grande \u00e9quipe, et il n\u2019est jamais facile d\u2019\u00eatre un pays organisateur, car la pression est \u00e9norme. Mais en contrepartie, un travail consid\u00e9rable est accompli en coulisses. \u00bb Admiratif du travail de Walid Regragui, il a ajout\u00e9 : \u00ab l\u2019entra\u00eeneur du Maroc est tr\u00e8s bon et dispose de joueurs exceptionnels. Tout ce que j\u2019esp\u00e8re, c\u2019est que nous ayons un grand match, digne de la valeur des deux s\u00e9lections. \u00bb Avant de conclure, lucide : \u00ab essayez simplement de vous mettre \u00e0 la place de n\u2019importe quel s\u00e9lectionneur pour comprendre l\u2019ampleur de la responsabilit\u00e9. Ce sera un match ouvert, et le meilleur l\u2019emportera. \u00bb<\/p>\n<p>\n    Pub. le 11\/01\/2026 11:17<br \/>\n            &#8211; MAJ le 11\/01\/2026 15:16\n    <\/p>\n","protected":false},"excerpt":{"rendered":"Qualifi\u00e9 pour les demi-finales apr\u00e8s sa victoire face \u00e0 l\u2019Alg\u00e9rie (0-2), le Nigeria s\u2019appr\u00eate \u00e0 d\u00e9fier le Maroc,&hellip;\n","protected":false},"author":2,"featured_media":17171,"comment_status":"","ping_status":"","sticky":false,"template":"","format":"standard","meta":{"footnotes":""},"categories":[41],"tags":[158],"class_list":{"0":"post-17170","1":"post","2":"type-post","3":"status-publish","4":"format-standard","5":"has-post-thumbnail","7":"category-maroc","8":"tag-maroc"},"share_on_mastodon":{"url":"","error":""},"_links":{"self":[{"href":"https:\/\/www.europesays.com\/africa\/wp-json\/wp\/v2\/posts\/17170","targetHints":{"allow":["GET"]}}],"collection":[{"href":"https:\/\/www.europesays.com\/africa\/wp-json\/wp\/v2\/posts"}],"about":[{"href":"https:\/\/www.europesays.com\/africa\/wp-json\/wp\/v2\/types\/post"}],"author":[{"embeddable":true,"href":"https:\/\/www.europesays.com\/africa\/wp-json\/wp\/v2\/users\/2"}],"replies":[{"embeddable":true,"href":"https:\/\/www.europesays.com\/africa\/wp-json\/wp\/v2\/comments?post=17170"}],"version-history":[{"count":0,"href":"https:\/\/www.europesays.com\/africa\/wp-json\/wp\/v2\/posts\/17170\/revisions"}],"wp:featuredmedia":[{"embeddable":true,"href":"https:\/\/www.europesays.com\/africa\/wp-json\/wp\/v2\/media\/17171"}],"wp:attachment":[{"href":"https:\/\/www.europesays.com\/africa\/wp-json\/wp\/v2\/media?parent=17170"}],"wp:term":[{"taxonomy":"category","embeddable":true,"href":"https:\/\/www.europesays.com\/africa\/wp-json\/wp\/v2\/categories?post=17170"},{"taxonomy":"post_tag","embeddable":true,"href":"https:\/\/www.europesays.com\/africa\/wp-json\/wp\/v2\/tags?post=17170"}],"curies":[{"name":"wp","href":"https:\/\/api.w.org\/{rel}","templated":true}]}}