{"id":17192,"date":"2026-01-11T14:35:11","date_gmt":"2026-01-11T14:35:11","guid":{"rendered":"https:\/\/www.europesays.com\/africa\/17192\/"},"modified":"2026-01-11T14:35:11","modified_gmt":"2026-01-11T14:35:11","slug":"une-station-de-metro-fermee-a-bruxelles-apres-la-victoire","status":"publish","type":"post","link":"https:\/\/www.europesays.com\/africa\/17192\/","title":{"rendered":"une station de m\u00e9tro ferm\u00e9e \u00e0 Bruxelles apr\u00e8s la victoire"},"content":{"rendered":"<p>La f\u00eate battait son plein apr\u00e8s le coup de sifflet final scellant la victoire des Lions de l\u2019Atlas face au Cameroun (2-0). Mais pour \u00e9viter que la joie ne vire au d\u00e9sordre, les autorit\u00e9s ont serr\u00e9 la vis. La soci\u00e9t\u00e9 de transports bruxelloise a annonc\u00e9 la fermeture de l\u2019arr\u00eat, invitant les usagers \u00e0 descendre \u00e0 la station voisine, Comte de Flandre, pour poursuivre leur trajet \u00e0 pied.<\/p>\n<p>\u00c0 lire\u00a0: <a href=\"https:\/\/www.bladi.net\/can-2025-maroc-dompte-cameroun-offre-demi-finale-historique,118860.html\" class=\"spip_in\" rel=\"nofollow noopener\" target=\"_blank\">CAN 2025\u00a0: le Maroc dompte le Cameroun (2-0) et s\u2019offre une demi-finale historique<\/a><\/p>\n<p>Le r\u00e9seau de surface a \u00e9galement \u00e9t\u00e9 impact\u00e9\u00a0: le bus 13 a \u00e9t\u00e9 limit\u00e9 \u00e0 Simonis, tandis que les lignes 20 et 86 ont subi des d\u00e9viations locales pour contourner le secteur sensible.<\/p>\n<p>Le pr\u00e9c\u00e9dent du match contre la Zambie<\/p>\n<p>Cette d\u00e9cision ne doit rien au hasard. La police avait en m\u00e9moire les \u00e9v\u00e9nements survenus fin d\u00e9cembre, lors de la victoire du Maroc en huiti\u00e8mes de finale face \u00e0 la Zambie. Ce soir-l\u00e0, environ 200 personnes s\u2019\u00e9taient rassembl\u00e9es dans le quartier des \u00c9tangs Noirs. Si l\u2019ambiance \u00e9tait initialement festive, la situation avait fini par d\u00e9g\u00e9n\u00e9rer, entra\u00eenant des tensions.<\/p>\n<p>\u00c0 lire\u00a0: <a href=\"https:\/\/www.bladi.net\/arbitrage-maroc-fait-plier-caf-obtient-changement-staff-var-avant,118852.html\" class=\"spip_in\" rel=\"nofollow noopener\" target=\"_blank\">Arbitrage\u00a0: le Maroc fait plier la CAF et obtient le changement du staff VAR avant le Cameroun<\/a><\/p>\n<p>Les forces de l\u2019ordre avaient d\u2019ailleurs pr\u00e9venu\u00a0: des dispositifs de s\u00e9curit\u00e9 sp\u00e9cifiques sont d\u00e9ploy\u00e9s tout au long de cette Coupe d\u2019Afrique des Nations pour encadrer les rassemblements de supporters et garantir l\u2019ordre public.<\/p>\n","protected":false},"excerpt":{"rendered":"La f\u00eate battait son plein apr\u00e8s le coup de sifflet final scellant la victoire des Lions de l\u2019Atlas&hellip;\n","protected":false},"author":2,"featured_media":17193,"comment_status":"","ping_status":"","sticky":false,"template":"","format":"standard","meta":{"footnotes":""},"categories":[41],"tags":[158],"class_list":{"0":"post-17192","1":"post","2":"type-post","3":"status-publish","4":"format-standard","5":"has-post-thumbnail","7":"category-maroc","8":"tag-maroc"},"share_on_mastodon":{"url":"","error":""},"_links":{"self":[{"href":"https:\/\/www.europesays.com\/africa\/wp-json\/wp\/v2\/posts\/17192","targetHints":{"allow":["GET"]}}],"collection":[{"href":"https:\/\/www.europesays.com\/africa\/wp-json\/wp\/v2\/posts"}],"about":[{"href":"https:\/\/www.europesays.com\/africa\/wp-json\/wp\/v2\/types\/post"}],"author":[{"embeddable":true,"href":"https:\/\/www.europesays.com\/africa\/wp-json\/wp\/v2\/users\/2"}],"replies":[{"embeddable":true,"href":"https:\/\/www.europesays.com\/africa\/wp-json\/wp\/v2\/comments?post=17192"}],"version-history":[{"count":0,"href":"https:\/\/www.europesays.com\/africa\/wp-json\/wp\/v2\/posts\/17192\/revisions"}],"wp:featuredmedia":[{"embeddable":true,"href":"https:\/\/www.europesays.com\/africa\/wp-json\/wp\/v2\/media\/17193"}],"wp:attachment":[{"href":"https:\/\/www.europesays.com\/africa\/wp-json\/wp\/v2\/media?parent=17192"}],"wp:term":[{"taxonomy":"category","embeddable":true,"href":"https:\/\/www.europesays.com\/africa\/wp-json\/wp\/v2\/categories?post=17192"},{"taxonomy":"post_tag","embeddable":true,"href":"https:\/\/www.europesays.com\/africa\/wp-json\/wp\/v2\/tags?post=17192"}],"curies":[{"name":"wp","href":"https:\/\/api.w.org\/{rel}","templated":true}]}}