{"id":17246,"date":"2026-01-11T15:17:07","date_gmt":"2026-01-11T15:17:07","guid":{"rendered":"https:\/\/www.europesays.com\/africa\/17246\/"},"modified":"2026-01-11T15:17:07","modified_gmt":"2026-01-11T15:17:07","slug":"on-reviendra-plus-forts-le-message-de-mahrez-apres-lelimination-des-fennecs-a-la-can-2025","status":"publish","type":"post","link":"https:\/\/www.europesays.com\/africa\/17246\/","title":{"rendered":"&#8220;On reviendra plus forts&#8221;, le message de Mahrez apr\u00e8s l&#8217;\u00e9limination des Fennecs \u00e0 la CAN 2025"},"content":{"rendered":"<p>\u00c9limin\u00e9 par le Nigeria en quart de finale de la CAN 2025 ce samedi, l&#8217;Alg\u00e9rie essuie une nouvelle d\u00e9ception pour la derni\u00e8re Coupe d&#8217;Afrique des nations de son capitaine Riyad Mahrez, qui a livr\u00e9 un message d&#8217;espoir.<\/p>\n<p><a href=\"https:\/\/rmcsport.bfmtv.com\/football\/riyad-mahrez_DN-202108310567.html\" title=\"Riyad Mahrez\" class=\"internal_link\" rel=\"nofollow noopener\" target=\"_blank\">Riyad Mahrez<\/a> ne remportera pas une deuxi\u00e8me Coupe d&#8217;Afrique des nations. Laur\u00e9at en 2019, le capitaine des Fennecs a subi la loi du Nigeria samedi soir en quart de finale de la <a href=\"https:\/\/rmcsport.bfmtv.com\/football\/coupe-d-afrique-des-nations\/\" target=\"_blank\" class=\"external_link\" rel=\"nofollow noopener\">CAN 2025<\/a> (2-0). Quelques heures apr\u00e8s avoir annonc\u00e9 que cette CAN serait sa derni\u00e8re, l&#8217;ancien joueur de Manchester City &#8211; d\u00e9cri\u00e9 par de nombreux supporters &#8211; a livr\u00e9 un message d&#8217;espoir pour les prochaines semaines, alors que la Coupe du monde 2026 se profile l&#8217;\u00e9t\u00e9 prochain.<\/p>\n<p>&#8220;D\u00e9\u00e7u par l\u2019\u00e9limination mais fier de cette \u00e9quipe et de ce groupe, dans le succ\u00e8s comme dans les moments plus difficiles. Merci \u00e0 nos supporters et \u00e0 tout le peuple alg\u00e9rien pour votre soutien tout le long de la comp\u00e9tition. On reviendra plus forts, comme toujours&#8221;, a-t-il \u00e9crit sur Instagram.<\/p>\n<p><a href=\"https:\/\/rmcsport.bfmtv.com\/football\/coupe-d-afrique-des-nations\/direct-algerie-nigeria-suivez-le-match-des-quarts-de-finale-de-la-can-2025-en-live_LS-202601100065.html\" title=\"Alg\u00e9rie-Nigeria: les Nig\u00e9rians dans le dernier carr\u00e9, les Alg\u00e9riens surclass\u00e9s\" class=\"internal_link\" rel=\"nofollow noopener\" target=\"_blank\">&gt;&gt; Revivez Alg\u00e9rie-Nigeria (0-2)<\/a><\/p>\n<p>Mahrez d\u00e9cri\u00e9 par les supporters<\/p>\n<p>Si l&#8217;Alg\u00e9rie arrivait avec la meilleure d\u00e9fense du tournoi (un seul but encaiss\u00e9 au coup d&#8217;envoi), elle a longtemps fait front dans la temp\u00eate face \u00e0 des Super Eagles et leur attaque survolt\u00e9e, mais a fini par craquer &#8211; <a href=\"https:\/\/rmcsport.bfmtv.com\/football\/coupe-d-afrique-des-nations\/algerie-nigeria-luca-zidane-excede-arbitre-sous-escorte-echauffourees-en-tribunes-grosses-tensions-au-coup-de-sifflet-final_AV-202601100358.html\" title=\"Alg\u00e9rie-Nigeria: Luca Zidane exc\u00e9d\u00e9, arbitre sous escorte, \u00e9chauffour\u00e9es en tribunes... grosses tensions au coup de sifflet final\" class=\"internal_link\" rel=\"nofollow noopener\" target=\"_blank\">sur le terrain et au coup de sifflet final<\/a>. Si Vlamidir Petkovic cristallise une partie des critiques du c\u00f4t\u00e9 des supporters, Riyad Mahrez n&#8217;est pas non plus \u00e9pargn\u00e9. Selon plusieurs fans interrog\u00e9s par RMC Sport, ils estiment qu'&#8221;il y a des anciens qui devraient se calmer et aller sur le banc&#8221;.<\/p>\n<p>Depuis sa victoire en 2019, l\u2019Alg\u00e9rie encha\u00eene les d\u00e9ceptions \u00e0 la CAN. \u00c9limin\u00e9s d\u00e8s la phase de groupes en 2021 et 2023, les Fennecs prennent cette fois-ci la porte d\u00e8s les quarts et voient une demie face au Maroc s\u2019envoler, <a href=\"https:\/\/rmcsport.bfmtv.com\/football\/coupe-d-afrique-des-nations\/can-2025-c-est-comme-un-psg-om-les-supporters-du-maroc-attendent-impatiemment-l-algerie-en-demi-finale_AV-202601090954.html\" title=\"CAN 2025: &quot;C&#039;est comme un PSG-OM&quot;, les supporters du Maroc attendent impatiemment l&#039;Alg\u00e9rie en demi-finale\" class=\"internal_link\" rel=\"nofollow noopener\" target=\"_blank\">alors que de nombreux supporters attendaient cette \u00e9norme affiche dans le dernier carr\u00e9<\/a>. Il n\u2019en sera rien, et les Alg\u00e9riens quittent une nouvelle fois la comp\u00e9tition la t\u00eate basse et pleine de regrets.<\/p>\n","protected":false},"excerpt":{"rendered":"\u00c9limin\u00e9 par le Nigeria en quart de finale de la CAN 2025 ce samedi, l&#8217;Alg\u00e9rie essuie une nouvelle&hellip;\n","protected":false},"author":2,"featured_media":17247,"comment_status":"","ping_status":"","sticky":false,"template":"","format":"standard","meta":{"footnotes":""},"categories":[254],"tags":[255],"class_list":{"0":"post-17246","1":"post","2":"type-post","3":"status-publish","4":"format-standard","5":"has-post-thumbnail","7":"category-algerie","8":"tag-algerie"},"share_on_mastodon":{"url":"","error":""},"_links":{"self":[{"href":"https:\/\/www.europesays.com\/africa\/wp-json\/wp\/v2\/posts\/17246","targetHints":{"allow":["GET"]}}],"collection":[{"href":"https:\/\/www.europesays.com\/africa\/wp-json\/wp\/v2\/posts"}],"about":[{"href":"https:\/\/www.europesays.com\/africa\/wp-json\/wp\/v2\/types\/post"}],"author":[{"embeddable":true,"href":"https:\/\/www.europesays.com\/africa\/wp-json\/wp\/v2\/users\/2"}],"replies":[{"embeddable":true,"href":"https:\/\/www.europesays.com\/africa\/wp-json\/wp\/v2\/comments?post=17246"}],"version-history":[{"count":0,"href":"https:\/\/www.europesays.com\/africa\/wp-json\/wp\/v2\/posts\/17246\/revisions"}],"wp:featuredmedia":[{"embeddable":true,"href":"https:\/\/www.europesays.com\/africa\/wp-json\/wp\/v2\/media\/17247"}],"wp:attachment":[{"href":"https:\/\/www.europesays.com\/africa\/wp-json\/wp\/v2\/media?parent=17246"}],"wp:term":[{"taxonomy":"category","embeddable":true,"href":"https:\/\/www.europesays.com\/africa\/wp-json\/wp\/v2\/categories?post=17246"},{"taxonomy":"post_tag","embeddable":true,"href":"https:\/\/www.europesays.com\/africa\/wp-json\/wp\/v2\/tags?post=17246"}],"curies":[{"name":"wp","href":"https:\/\/api.w.org\/{rel}","templated":true}]}}