{"id":17263,"date":"2026-01-11T15:29:18","date_gmt":"2026-01-11T15:29:18","guid":{"rendered":"https:\/\/www.europesays.com\/africa\/17263\/"},"modified":"2026-01-11T15:29:18","modified_gmt":"2026-01-11T15:29:18","slug":"la-cote-divoire-se-mefie-de-legypte","status":"publish","type":"post","link":"https:\/\/www.europesays.com\/africa\/17263\/","title":{"rendered":"la C\u00f4te d\u2019Ivoire se m\u00e9fie de l\u2019\u00c9gypte"},"content":{"rendered":"<p>Avant de r\u00eaver plus loin dans cette Coupe d\u2019Afrique des nations, la C\u00f4te d\u2019Ivoire sait qu\u2019elle devra d\u2019abord se mesurer \u00e0 l\u2019\u00c9gypte ce samedi 10 janvier (20h). Un quart de finale aux allures de pi\u00e8ge, que le s\u00e9lectionneur Emerse Fa\u00e9 aborde avec lucidit\u00e9. <\/p>\n<p>        Publi\u00e9 le 10\/01\/2026  \u00e0 08h09<\/p>\n<p>\u00c0 la veille du quart de finale de <a href=\"https:\/\/www.ouest-france.fr\/sport\/football\/coupe-d-afrique-des-nations\/\" target=\"_blank\" rel=\"noopener noreferrer nofollow\">Coupe d&#8217;Afrique des nations<\/a> contre l\u2019\u00c9gypte, Emerse Fa\u00e9 ne se cache pas derri\u00e8re les discours convenus. Pour le s\u00e9lectionneur ivoirien, le chemin est clair : \u00ab Si on veut aller le plus loin possible, cela passera par l\u2019obstacle \u00e9gyptien, et ce sera \u00e0 nous de trouver les solutions.\u00a0<\/p>\n<p>L\u2019\u00c9gypte, \u00e9ternelle<br \/>Fa\u00e9 sait \u00e0 quel adversaire ses joueurs vont se frotter. Une \u00e9quipe presque immuable dans son ADN. Il r\u00e9sume lui-m\u00eame l\u2019essence des Pharaons : \u00ab On a toujours l\u2019impression qu\u2019ils sont en difficult\u00e9 et que \u00e7a va l\u00e2cher, mais \u00e7a ne l\u00e2che jamais. C\u2019est l\u2019\u00c9gypte. \u00bb<\/p>\n<p>Voir aussi :\u00a0<a href=\"https:\/\/www.ouest-france.fr\/sport\/football\/coupe-d-afrique-des-nations\/video-can-le-jour-ou-l-algerie-a-battu-le-nigeria-dans-l-un-des-plus-beau-match-de-l-histoire-de-la-can-71ea9418-1a96-4b37-9021-12d46094ee4e\" target=\"_blank\" rel=\"noopener noreferrer nofollow\">VID\u00c9O CAN. Le jour o\u00f9 l&#8217;Alg\u00e9rie a battu le Nigeria dans l&#8217;un des plus beaux matches de l&#8217;histoire de la CAN<\/a><\/p>\n<p>Le coup d\u2019envoi de ce quart de finale de la CAN sera donn\u00e9 samedi \u00e0 20h, au stade Adrar d\u2019Agadir.<\/p>\n<p>        Voir plus<br \/>\n        Voir moins<\/p>\n","protected":false},"excerpt":{"rendered":"Avant de r\u00eaver plus loin dans cette Coupe d\u2019Afrique des nations, la C\u00f4te d\u2019Ivoire sait qu\u2019elle devra d\u2019abord&hellip;\n","protected":false},"author":2,"featured_media":17264,"comment_status":"","ping_status":"","sticky":false,"template":"","format":"standard","meta":{"footnotes":""},"categories":[62],"tags":[4057,64,238,940,4632,9773,4619,311,310],"class_list":{"0":"post-17263","1":"post","2":"type-post","3":"status-publish","4":"format-standard","5":"has-post-thumbnail","7":"category-afrique","8":"tag-actualite-en-continu","9":"tag-afrique","10":"tag-cote-divoire","11":"tag-coupe-dafrique-des-nations","12":"tag-egypte","13":"tag-equipe-cote-divoire-football","14":"tag-equipe-egypte-football","15":"tag-football","16":"tag-sport"},"share_on_mastodon":{"url":"","error":""},"_links":{"self":[{"href":"https:\/\/www.europesays.com\/africa\/wp-json\/wp\/v2\/posts\/17263","targetHints":{"allow":["GET"]}}],"collection":[{"href":"https:\/\/www.europesays.com\/africa\/wp-json\/wp\/v2\/posts"}],"about":[{"href":"https:\/\/www.europesays.com\/africa\/wp-json\/wp\/v2\/types\/post"}],"author":[{"embeddable":true,"href":"https:\/\/www.europesays.com\/africa\/wp-json\/wp\/v2\/users\/2"}],"replies":[{"embeddable":true,"href":"https:\/\/www.europesays.com\/africa\/wp-json\/wp\/v2\/comments?post=17263"}],"version-history":[{"count":0,"href":"https:\/\/www.europesays.com\/africa\/wp-json\/wp\/v2\/posts\/17263\/revisions"}],"wp:featuredmedia":[{"embeddable":true,"href":"https:\/\/www.europesays.com\/africa\/wp-json\/wp\/v2\/media\/17264"}],"wp:attachment":[{"href":"https:\/\/www.europesays.com\/africa\/wp-json\/wp\/v2\/media?parent=17263"}],"wp:term":[{"taxonomy":"category","embeddable":true,"href":"https:\/\/www.europesays.com\/africa\/wp-json\/wp\/v2\/categories?post=17263"},{"taxonomy":"post_tag","embeddable":true,"href":"https:\/\/www.europesays.com\/africa\/wp-json\/wp\/v2\/tags?post=17263"}],"curies":[{"name":"wp","href":"https:\/\/api.w.org\/{rel}","templated":true}]}}