{"id":17307,"date":"2026-01-11T16:00:06","date_gmt":"2026-01-11T16:00:06","guid":{"rendered":"https:\/\/www.europesays.com\/africa\/17307\/"},"modified":"2026-01-11T16:00:06","modified_gmt":"2026-01-11T16:00:06","slug":"recrutement-denseignants-senegalais-en-guinee-la-position-du-saes","status":"publish","type":"post","link":"https:\/\/www.europesays.com\/africa\/17307\/","title":{"rendered":"Recrutement d\u2019enseignants s\u00e9n\u00e9galais en Guin\u00e9e : la position du SAES"},"content":{"rendered":"<p class=\"firstp\">R\u00e9uni le samedi 10 janvier 2026 \u00e0 l\u2019Universit\u00e9 Cheikh Anta Diop de Dakar, le Secr\u00e9tariat national du Syndicat Autonome de l\u2019Enseignement Sup\u00e9rieur (<a href=\"https:\/\/www.senenews.com\/actualites\/universite-gaston-berger-le-saes-decrete-une-greve-de-trois-jours-suite-a-un-incident-lors-des-examens_554402.html\" rel=\"nofollow noopener\" target=\"_blank\">SAES<\/a>) a examin\u00e9 plusieurs questions relatives au syst\u00e8me universitaire s\u00e9n\u00e9galais. \u00c0 l\u2019issue de cette r\u00e9union, le syndicat a communiqu\u00e9 sur le recrutement d\u2019enseignants-chercheurs en Guin\u00e9e ainsi que sur le paiement de certaines pensions.<\/p>\n<p>Concernant le recrutement en Guin\u00e9e, le SAES indique avoir pris connaissance d\u2019une liste de cinquante-neuf (59) enseignants s\u00e9n\u00e9galais concern\u00e9s. Selon le syndicat, quarante-et-un (41) sont des docteurs sans emploi et six (06) des enseignants-chercheurs retrait\u00e9s, repr\u00e9sentant pr\u00e8s de 80 % de l\u2019effectif.\n<\/p>\n<p>Le SAES pr\u00e9cise que douze (12) enseignants-chercheurs figurant sur cette liste exercent actuellement dans des \u00e9tablissements publics d\u2019enseignement sup\u00e9rieur au S\u00e9n\u00e9gal. Il rappelle que, conform\u00e9ment \u00e0 la r\u00e9glementation en vigueur, ces enseignants ne peuvent occuper simultan\u00e9ment un emploi permanent dans une autre structure publique ou priv\u00e9e, nationale ou internationale.\n<\/p>\n<p>Le syndicat souligne toutefois que ces douze enseignants repr\u00e9sentent 0,4 % de l\u2019effectif total des enseignants-chercheurs et chercheurs permanents des universit\u00e9s publiques s\u00e9n\u00e9galaises, lesquels poursuivent leurs activit\u00e9s d\u2019enseignement, de recherche et d\u2019administration.\n<\/p>\n<p>Le SAES rappelle que la mobilit\u00e9 et la mise en disponibilit\u00e9 des enseignants-chercheurs sont encadr\u00e9es par la loi n\u00b081-59 du 9 novembre 1981 portant statut du personnel enseignant des universit\u00e9s. Il invite les personnes concern\u00e9es \u00e0 se conformer aux dispositions pr\u00e9vues par cette loi.\n<\/p>\n<p>Le syndicat rappelle \u00e9galement la signature, le 23 mai 2025, d\u2019un protocole d\u2019accord de coop\u00e9ration universitaire et scientifique entre le S\u00e9n\u00e9gal et la Guin\u00e9e, portant sur la mobilit\u00e9 des enseignants-chercheurs, du personnel d\u2019appui et des \u00e9tudiants. Il appelle les autorit\u00e9s des deux pays \u00e0 pr\u00e9ciser les modalit\u00e9s d\u2019application de cet accord.\n<\/p>\n<p>Par ailleurs, le SAES invite le minist\u00e8re de l\u2019Enseignement sup\u00e9rieur, de la Recherche et de l\u2019Innovation (MESRI) \u00e0 proc\u00e9der au recrutement de docteurs sans emploi, conform\u00e9ment au protocole d\u2019accord Gouvernement\u2013SAES du 6 janvier 2023, afin d\u2019augmenter la proportion d\u2019enseignants permanents et d\u2019am\u00e9liorer le taux d\u2019encadrement.\n<\/p>\n<p>Sur le volet social, le SAES a \u00e9voqu\u00e9 l\u2019application du d\u00e9cret n\u00b02025-398 du 7 mars 2025, relatif aux pensions de r\u00e9version des ayants droit d\u2019enseignants-chercheurs d\u00e9c\u00e9d\u00e9s. Il indique que certaines veuves, veufs et orphelins ne per\u00e7oivent toujours pas ces pensions, malgr\u00e9 l\u2019existence du texte.\n<\/p>\n<p>Le syndicat a \u00e9galement mentionn\u00e9 la situation des enseignants-chercheurs retrait\u00e9s de nationalit\u00e9 \u00e9trang\u00e8re, dont les pensions de retraite ne sont pas encore liquid\u00e9es par le Fonds national de retraite (FNR), bien qu\u2019ils aient cotis\u00e9 au m\u00eame r\u00e9gime que leurs coll\u00e8gues s\u00e9n\u00e9galais.<\/p>\n<p>Le SAES informe avoir saisi les autorit\u00e9s comp\u00e9tentes, notamment le MESRI, le minist\u00e8re des Finances et du Budget et le Haut Conseil du Dialogue Social. Il annonce une mobilisation de ses militants dans les prochains jours en l\u2019absence de solution.<\/p>\n","protected":false},"excerpt":{"rendered":"R\u00e9uni le samedi 10 janvier 2026 \u00e0 l\u2019Universit\u00e9 Cheikh Anta Diop de Dakar, le Secr\u00e9tariat national du Syndicat&hellip;\n","protected":false},"author":2,"featured_media":17308,"comment_status":"","ping_status":"","sticky":false,"template":"","format":"standard","meta":{"footnotes":""},"categories":[48],"tags":[10974,613,159,163,239],"class_list":{"0":"post-17307","1":"post","2":"type-post","3":"status-publish","4":"format-standard","5":"has-post-thumbnail","7":"category-senegal","8":"tag-enseignement-superieur","9":"tag-saes","10":"tag-senegal","11":"tag-senegal-actualites","12":"tag-societe"},"share_on_mastodon":{"url":"","error":""},"_links":{"self":[{"href":"https:\/\/www.europesays.com\/africa\/wp-json\/wp\/v2\/posts\/17307","targetHints":{"allow":["GET"]}}],"collection":[{"href":"https:\/\/www.europesays.com\/africa\/wp-json\/wp\/v2\/posts"}],"about":[{"href":"https:\/\/www.europesays.com\/africa\/wp-json\/wp\/v2\/types\/post"}],"author":[{"embeddable":true,"href":"https:\/\/www.europesays.com\/africa\/wp-json\/wp\/v2\/users\/2"}],"replies":[{"embeddable":true,"href":"https:\/\/www.europesays.com\/africa\/wp-json\/wp\/v2\/comments?post=17307"}],"version-history":[{"count":0,"href":"https:\/\/www.europesays.com\/africa\/wp-json\/wp\/v2\/posts\/17307\/revisions"}],"wp:featuredmedia":[{"embeddable":true,"href":"https:\/\/www.europesays.com\/africa\/wp-json\/wp\/v2\/media\/17308"}],"wp:attachment":[{"href":"https:\/\/www.europesays.com\/africa\/wp-json\/wp\/v2\/media?parent=17307"}],"wp:term":[{"taxonomy":"category","embeddable":true,"href":"https:\/\/www.europesays.com\/africa\/wp-json\/wp\/v2\/categories?post=17307"},{"taxonomy":"post_tag","embeddable":true,"href":"https:\/\/www.europesays.com\/africa\/wp-json\/wp\/v2\/tags?post=17307"}],"curies":[{"name":"wp","href":"https:\/\/api.w.org\/{rel}","templated":true}]}}