{"id":17344,"date":"2026-01-11T16:28:40","date_gmt":"2026-01-11T16:28:40","guid":{"rendered":"https:\/\/www.europesays.com\/africa\/17344\/"},"modified":"2026-01-11T16:28:40","modified_gmt":"2026-01-11T16:28:40","slug":"mame-mbaye-niang-attaque-les-avocats-de-sonko-et-rallume-lincendie-politique","status":"publish","type":"post","link":"https:\/\/www.europesays.com\/africa\/17344\/","title":{"rendered":"Mame Mbaye Niang attaque les avocats de Sonko et rallume l\u2019incendie politique"},"content":{"rendered":"<p data-originalcomputedfontsize=\"16\" data-removefontsize=\"true\" style=\"font-size: 1rem; -webkit-text-size-adjust: auto; caret-color: rgb(212, 212, 213); font-family: -apple-system, sans-serif; word-spacing: 1px; -webkit-tap-highlight-color: rgba(255, 255, 255, 0.25); border-color: rgb(49, 49, 49); color: rgb(49, 49, 49);\">La bataille politico-judiciaire entre Mame Mbaye Niang et Ousmane Sonko est loin d\u2019avoir livr\u00e9 son dernier acte. Alors que les autorit\u00e9s judiciaires s\u2019activent autour de la perspective d\u2019une r\u00e9ouverture du proc\u00e8s pour diffamation li\u00e9 au dossier Prodac, l\u2019ancien ministre sous le r\u00e9gime de Macky Sall a d\u00e9cid\u00e9 d\u2019ouvrir un nouveau front, en visant cette fois-ci non pas son adversaire politique direct, mais ses conseils juridiques. <\/p>\n<p style=\"-webkit-text-size-adjust: auto; caret-color: rgb(212, 212, 213); font-family: -apple-system, sans-serif; word-spacing: 1px; -webkit-tap-highlight-color: rgba(255, 255, 255, 0.25); border-color: rgb(49, 49, 49); color: rgb(49, 49, 49);\">\u00a0 <\/p>\n<p data-originalcomputedfontsize=\"16\" data-removefontsize=\"true\" style=\"font-size: 1rem; -webkit-text-size-adjust: auto; caret-color: rgb(212, 212, 213); font-family: -apple-system, sans-serif; word-spacing: 1px; -webkit-tap-highlight-color: rgba(255, 255, 255, 0.25); border-color: rgb(49, 49, 49); color: rgb(49, 49, 49);\">Selon L\u2019Observateur, \u00e0 travers deux requ\u00eates dat\u00e9es du 2 janvier 2026, Mame Mbaye Niang a saisi simultan\u00e9ment le Procureur g\u00e9n\u00e9ral pr\u00e8s la Cour d\u2019appel de Dakar et le B\u00e2tonnier de l\u2019Ordre des avocats du S\u00e9n\u00e9gal. Les plaintes visent quatre avocats du pool de d\u00e9fense de l\u2019actuel Premier ministre, Ousmane Sonko : Mes Macodou Ndour, Massokhna Kane, Magna Brice Sylva et Abdy Nar Ndiaye. Ils sont accus\u00e9s de \u00ab diffamation, faux intellectuel et violation des r\u00e8gles de la profession d\u2019avocat \u00bb. <\/p>\n<p style=\"-webkit-text-size-adjust: auto; caret-color: rgb(212, 212, 213); font-family: -apple-system, sans-serif; word-spacing: 1px; -webkit-tap-highlight-color: rgba(255, 255, 255, 0.25); border-color: rgb(49, 49, 49); color: rgb(49, 49, 49);\">\u00a0 <\/p>\n<p data-originalcomputedfontsize=\"16\" data-removefontsize=\"true\" style=\"font-size: 1rem; -webkit-text-size-adjust: auto; caret-color: rgb(212, 212, 213); font-family: -apple-system, sans-serif; word-spacing: 1px; -webkit-tap-highlight-color: rgba(255, 255, 255, 0.25); border-color: rgb(49, 49, 49); color: rgb(49, 49, 49);\">Une initiative qui confirme que le duel entre les deux hommes politiques s\u2019est d\u00e9plac\u00e9 du terrain politique vers une ar\u00e8ne judiciaire de plus en plus complexe et explosive. <\/p>\n<p style=\"-webkit-text-size-adjust: auto; caret-color: rgb(212, 212, 213); font-family: -apple-system, sans-serif; word-spacing: 1px; -webkit-tap-highlight-color: rgba(255, 255, 255, 0.25); border-color: rgb(49, 49, 49); color: rgb(49, 49, 49);\">\u00a0 <\/p>\n<p style=\"-webkit-text-size-adjust: auto; caret-color: rgb(212, 212, 213); font-family: -apple-system, sans-serif; word-spacing: 1px; -webkit-tap-highlight-color: rgba(255, 255, 255, 0.25); border-color: rgb(49, 49, 49); color: rgb(49, 49, 49);\">\u00a0 <\/p>\n<p>Une conf\u00e9rence de presse au c\u0153ur de la discorde    <\/p>\n<p style=\"-webkit-text-size-adjust: auto; caret-color: rgb(212, 212, 213); font-family: -apple-system, sans-serif; word-spacing: 1px; -webkit-tap-highlight-color: rgba(255, 255, 255, 0.25); border-color: rgb(49, 49, 49); color: rgb(49, 49, 49);\">\u00a0 <\/p>\n<p style=\"-webkit-text-size-adjust: auto; caret-color: rgb(212, 212, 213); font-family: -apple-system, sans-serif; word-spacing: 1px; -webkit-tap-highlight-color: rgba(255, 255, 255, 0.25); border-color: rgb(49, 49, 49); color: rgb(49, 49, 49);\">\u00a0 <\/p>\n<p data-originalcomputedfontsize=\"16\" data-removefontsize=\"true\" style=\"font-size: 1rem; -webkit-text-size-adjust: auto; caret-color: rgb(212, 212, 213); font-family: -apple-system, sans-serif; word-spacing: 1px; -webkit-tap-highlight-color: rgba(255, 255, 255, 0.25); border-color: rgb(49, 49, 49); color: rgb(49, 49, 49);\">D\u2019apr\u00e8s L\u2019Observateur, l\u2019origine de cette nouvelle proc\u00e9dure remonte \u00e0 la conf\u00e9rence de presse tenue le 22 d\u00e9cembre 2025 par les avocats de Ousmane Sonko. \u00c0 cette occasion, Me Macodou Ndour aurait d\u00e9clar\u00e9 que Mame Mbaye Niang aurait fait d\u00e9caisser plus de deux milliards de francs CFA au profit de Green 2000, en signant un ordre de d\u00e9marrage de travaux sans qu\u2019un march\u00e9 n\u2019ait \u00e9t\u00e9 pr\u00e9alablement sign\u00e9. <\/p>\n<p style=\"-webkit-text-size-adjust: auto; caret-color: rgb(212, 212, 213); font-family: -apple-system, sans-serif; word-spacing: 1px; -webkit-tap-highlight-color: rgba(255, 255, 255, 0.25); border-color: rgb(49, 49, 49); color: rgb(49, 49, 49);\">\u00a0 <\/p>\n<p data-originalcomputedfontsize=\"16\" data-removefontsize=\"true\" style=\"font-size: 1rem; -webkit-text-size-adjust: auto; caret-color: rgb(212, 212, 213); font-family: -apple-system, sans-serif; word-spacing: 1px; -webkit-tap-highlight-color: rgba(255, 255, 255, 0.25); border-color: rgb(49, 49, 49); color: rgb(49, 49, 49);\">Une affirmation que l\u2019ancien ministre rejette cat\u00e9goriquement, la qualifiant d\u2019\u00ab archi-fausse \u00bb. Dans sa plainte adress\u00e9e au Procureur g\u00e9n\u00e9ral, Mame Mbaye Niang estime que ces propos portent gravement atteinte \u00e0 son honneur et \u00e0 sa consid\u00e9ration, allant jusqu\u2019\u00e0 sugg\u00e9rer une entente frauduleuse pour la soustraction de deniers publics. <\/p>\n<p style=\"-webkit-text-size-adjust: auto; caret-color: rgb(212, 212, 213); font-family: -apple-system, sans-serif; word-spacing: 1px; -webkit-tap-highlight-color: rgba(255, 255, 255, 0.25); border-color: rgb(49, 49, 49); color: rgb(49, 49, 49);\">\u00a0 <\/p>\n<p data-originalcomputedfontsize=\"16\" data-removefontsize=\"true\" style=\"font-size: 1rem; -webkit-text-size-adjust: auto; caret-color: rgb(212, 212, 213); font-family: -apple-system, sans-serif; word-spacing: 1px; -webkit-tap-highlight-color: rgba(255, 255, 255, 0.25); border-color: rgb(49, 49, 49); color: rgb(49, 49, 49);\">Toujours selon le quotidien du Groupe Futurs M\u00e9dias, le plaignant soutient que l\u2019ordre de d\u00e9marrage qu\u2019il reconna\u00eet avoir sign\u00e9 est post\u00e9rieur \u00e0 la signature du march\u00e9 concern\u00e9. Il met ainsi au d\u00e9fi ses accusateurs de produire un autre ordre de service, ce qui, selon lui, constituerait un \u00ab faux manifeste \u00bb destin\u00e9 \u00e0 tromper l\u2019opinion publique. <\/p>\n<p style=\"-webkit-text-size-adjust: auto; caret-color: rgb(212, 212, 213); font-family: -apple-system, sans-serif; word-spacing: 1px; -webkit-tap-highlight-color: rgba(255, 255, 255, 0.25); border-color: rgb(49, 49, 49); color: rgb(49, 49, 49);\">\u00a0 <\/p>\n<p style=\"-webkit-text-size-adjust: auto; caret-color: rgb(212, 212, 213); font-family: -apple-system, sans-serif; word-spacing: 1px; -webkit-tap-highlight-color: rgba(255, 255, 255, 0.25); border-color: rgb(49, 49, 49); color: rgb(49, 49, 49);\">\u00a0 <\/p>\n<p>Des accusations \u00e9tendues \u00e0 l\u2019ensemble du pool de d\u00e9fense    <\/p>\n<p style=\"-webkit-text-size-adjust: auto; caret-color: rgb(212, 212, 213); font-family: -apple-system, sans-serif; word-spacing: 1px; -webkit-tap-highlight-color: rgba(255, 255, 255, 0.25); border-color: rgb(49, 49, 49); color: rgb(49, 49, 49);\">\u00a0 <\/p>\n<p style=\"-webkit-text-size-adjust: auto; caret-color: rgb(212, 212, 213); font-family: -apple-system, sans-serif; word-spacing: 1px; -webkit-tap-highlight-color: rgba(255, 255, 255, 0.25); border-color: rgb(49, 49, 49); color: rgb(49, 49, 49);\">\u00a0 <\/p>\n<p data-originalcomputedfontsize=\"16\" data-removefontsize=\"true\" style=\"font-size: 1rem; -webkit-text-size-adjust: auto; caret-color: rgb(212, 212, 213); font-family: -apple-system, sans-serif; word-spacing: 1px; -webkit-tap-highlight-color: rgba(255, 255, 255, 0.25); border-color: rgb(49, 49, 49); color: rgb(49, 49, 49);\">Dans ses requ\u00eates, Mame Mbaye Niang ne se limite pas \u00e0 Me Macodou Ndour. L\u2019Observateur rapporte que Me Abdy Nar Ndiaye est \u00e9galement mis en cause pour avoir traduit en wolof les propos incrimin\u00e9s, contribuant ainsi \u00e0 leur large diffusion. Me Massokhna Kane est, quant \u00e0 lui, accus\u00e9 d\u2019avoir \u00e9voqu\u00e9 l\u2019existence d\u2019un rapport l\u2019incriminant pour d\u00e9tournement de deniers publics, un document suppos\u00e9ment brandi par Me Magna Brice Sylva et que l\u2019ancien ministre assimile \u00e0 un faux intellectuel. <\/p>\n<p style=\"-webkit-text-size-adjust: auto; caret-color: rgb(212, 212, 213); font-family: -apple-system, sans-serif; word-spacing: 1px; -webkit-tap-highlight-color: rgba(255, 255, 255, 0.25); border-color: rgb(49, 49, 49); color: rgb(49, 49, 49);\">\u00a0 <\/p>\n<p data-originalcomputedfontsize=\"16\" data-removefontsize=\"true\" style=\"font-size: 1rem; -webkit-text-size-adjust: auto; caret-color: rgb(212, 212, 213); font-family: -apple-system, sans-serif; word-spacing: 1px; -webkit-tap-highlight-color: rgba(255, 255, 255, 0.25); border-color: rgb(49, 49, 49); color: rgb(49, 49, 49);\">Le plaignant reproche en outre \u00e0 Mes Ndour et Kane d\u2019avoir r\u00e9it\u00e9r\u00e9 ces accusations sur des m\u00e9dias \u00e0 forte audience, notamment Seneweb TV et la TFM, renfor\u00e7ant selon lui le caract\u00e8re diffamatoire et pr\u00e9judiciable de leurs d\u00e9clarations. <\/p>\n<p style=\"-webkit-text-size-adjust: auto; caret-color: rgb(212, 212, 213); font-family: -apple-system, sans-serif; word-spacing: 1px; -webkit-tap-highlight-color: rgba(255, 255, 255, 0.25); border-color: rgb(49, 49, 49); color: rgb(49, 49, 49);\">\u00a0 <\/p>\n<p data-originalcomputedfontsize=\"16\" data-removefontsize=\"true\" style=\"font-size: 1rem; -webkit-text-size-adjust: auto; caret-color: rgb(212, 212, 213); font-family: -apple-system, sans-serif; word-spacing: 1px; -webkit-tap-highlight-color: rgba(255, 255, 255, 0.25); border-color: rgb(49, 49, 49); color: rgb(49, 49, 49);\">Pour \u00e9tayer ses accusations, Mame Mbaye Niang affirme avoir joint \u00e0 sa plainte une cl\u00e9 USB contenant l\u2019ensemble des d\u00e9clarations incrimin\u00e9es. \u00ab C\u2019est la raison pour laquelle je me suis permis de vous saisir afin que les mesures n\u00e9cessaires puissent \u00eatre prises \u00bb, \u00e9crit-il, selon L\u2019Observateur, appelant \u00e0 l\u2019application des sanctions pr\u00e9vues par la loi. <\/p>\n<p style=\"-webkit-text-size-adjust: auto; caret-color: rgb(212, 212, 213); font-family: -apple-system, sans-serif; word-spacing: 1px; -webkit-tap-highlight-color: rgba(255, 255, 255, 0.25); border-color: rgb(49, 49, 49); color: rgb(49, 49, 49);\">\u00a0 <\/p>\n<p style=\"-webkit-text-size-adjust: auto; caret-color: rgb(212, 212, 213); font-family: -apple-system, sans-serif; word-spacing: 1px; -webkit-tap-highlight-color: rgba(255, 255, 255, 0.25); border-color: rgb(49, 49, 49); color: rgb(49, 49, 49);\">\u00a0 <\/p>\n<p>Le B\u00e2tonnier \u00e9galement saisi    <\/p>\n<p style=\"-webkit-text-size-adjust: auto; caret-color: rgb(212, 212, 213); font-family: -apple-system, sans-serif; word-spacing: 1px; -webkit-tap-highlight-color: rgba(255, 255, 255, 0.25); border-color: rgb(49, 49, 49); color: rgb(49, 49, 49);\">\u00a0 <\/p>\n<p style=\"-webkit-text-size-adjust: auto; caret-color: rgb(212, 212, 213); font-family: -apple-system, sans-serif; word-spacing: 1px; -webkit-tap-highlight-color: rgba(255, 255, 255, 0.25); border-color: rgb(49, 49, 49); color: rgb(49, 49, 49);\">\u00a0 <\/p>\n<p data-originalcomputedfontsize=\"16\" data-removefontsize=\"true\" style=\"font-size: 1rem; -webkit-text-size-adjust: auto; caret-color: rgb(212, 212, 213); font-family: -apple-system, sans-serif; word-spacing: 1px; -webkit-tap-highlight-color: rgba(255, 255, 255, 0.25); border-color: rgb(49, 49, 49); color: rgb(49, 49, 49);\">Parall\u00e8lement \u00e0 la proc\u00e9dure judiciaire, l\u2019ancien ministre a \u00e9galement saisi le B\u00e2tonnier de l\u2019Ordre des avocats du S\u00e9n\u00e9gal. Dans cette requ\u00eate, il d\u00e9nonce des faits constitutifs, selon lui, de violations graves des r\u00e8gles d\u00e9ontologiques de la profession d\u2019avocat, en plus des accusations de diffamation et de faux intellectuel. <\/p>\n<p style=\"-webkit-text-size-adjust: auto; caret-color: rgb(212, 212, 213); font-family: -apple-system, sans-serif; word-spacing: 1px; -webkit-tap-highlight-color: rgba(255, 255, 255, 0.25); border-color: rgb(49, 49, 49); color: rgb(49, 49, 49);\">\u00a0 <\/p>\n<p data-originalcomputedfontsize=\"16\" data-removefontsize=\"true\" style=\"font-size: 1rem; -webkit-text-size-adjust: auto; caret-color: rgb(212, 212, 213); font-family: -apple-system, sans-serif; word-spacing: 1px; -webkit-tap-highlight-color: rgba(255, 255, 255, 0.25); border-color: rgb(49, 49, 49); color: rgb(49, 49, 49);\">Toujours d\u2019apr\u00e8s L\u2019Observateur, Mame Mbaye Niang estime que ces actes portent atteinte non seulement \u00e0 sa personne, mais aussi \u00e0 l\u2019image et \u00e0 la cr\u00e9dibilit\u00e9 de l\u2019Ordre des avocats du S\u00e9n\u00e9gal, appelant ainsi \u00e0 une r\u00e9action disciplinaire ferme. <\/p>\n<p style=\"-webkit-text-size-adjust: auto; caret-color: rgb(212, 212, 213); font-family: -apple-system, sans-serif; word-spacing: 1px; -webkit-tap-highlight-color: rgba(255, 255, 255, 0.25); border-color: rgb(49, 49, 49); color: rgb(49, 49, 49);\">\u00a0 <\/p>\n<p style=\"-webkit-text-size-adjust: auto; caret-color: rgb(212, 212, 213); font-family: -apple-system, sans-serif; word-spacing: 1px; -webkit-tap-highlight-color: rgba(255, 255, 255, 0.25); border-color: rgb(49, 49, 49); color: rgb(49, 49, 49);\">\u00a0 <\/p>\n<p>Un feuilleton judiciaire loin de son \u00e9pilogue    <\/p>\n<p style=\"-webkit-text-size-adjust: auto; caret-color: rgb(212, 212, 213); font-family: -apple-system, sans-serif; word-spacing: 1px; -webkit-tap-highlight-color: rgba(255, 255, 255, 0.25); border-color: rgb(49, 49, 49); color: rgb(49, 49, 49);\">\u00a0 <\/p>\n<p style=\"-webkit-text-size-adjust: auto; caret-color: rgb(212, 212, 213); font-family: -apple-system, sans-serif; word-spacing: 1px; -webkit-tap-highlight-color: rgba(255, 255, 255, 0.25); border-color: rgb(49, 49, 49); color: rgb(49, 49, 49);\">\u00a0 <\/p>\n<p data-originalcomputedfontsize=\"16\" data-removefontsize=\"true\" dir=\"auto\" style=\"font-size: 1rem; -webkit-text-size-adjust: auto; caret-color: rgb(212, 212, 213); font-family: -apple-system, sans-serif; word-spacing: 1px; -webkit-tap-highlight-color: rgba(255, 255, 255, 0.25); border-color: rgb(49, 49, 49); color: rgb(49, 49, 49);\">Cette nouvelle offensive judiciaire vient ajouter un \u00e9pisode suppl\u00e9mentaire \u00e0 un contentieux d\u00e9j\u00e0 lourd de symboles politiques et judiciaires. En s\u2019attaquant directement aux avocats de Ousmane Sonko, Mame Mbaye Niang \u00e9largit le champ de la confrontation et place d\u00e9sormais la profession d\u2019avocat au c\u0153ur d\u2019un d\u00e9bat explosif m\u00ealant politique, justice et opinion publique. <\/p>\n","protected":false},"excerpt":{"rendered":"La bataille politico-judiciaire entre Mame Mbaye Niang et Ousmane Sonko est loin d\u2019avoir livr\u00e9 son dernier acte. Alors&hellip;\n","protected":false},"author":2,"featured_media":17345,"comment_status":"","ping_status":"","sticky":false,"template":"","format":"standard","meta":{"footnotes":""},"categories":[48],"tags":[64,274,279,273,277,278,271,281,283,272,280,276,275,159,282],"class_list":{"0":"post-17344","1":"post","2":"type-post","3":"status-publish","4":"format-standard","5":"has-post-thumbnail","7":"category-senegal","8":"tag-afrique","9":"tag-aliou-cisse","10":"tag-amadou-ba","11":"tag-apr","12":"tag-bassirou-diomaye-faye","13":"tag-bathelemy-dias","14":"tag-dakar","15":"tag-el-malick-ndiaye","16":"tag-guy-marius-sagna","17":"tag-macky-sall","18":"tag-madiambal-diagne","19":"tag-ousmane-sonko","20":"tag-pastef","21":"tag-senegal","22":"tag-ziguinchor"},"share_on_mastodon":{"url":"","error":""},"_links":{"self":[{"href":"https:\/\/www.europesays.com\/africa\/wp-json\/wp\/v2\/posts\/17344","targetHints":{"allow":["GET"]}}],"collection":[{"href":"https:\/\/www.europesays.com\/africa\/wp-json\/wp\/v2\/posts"}],"about":[{"href":"https:\/\/www.europesays.com\/africa\/wp-json\/wp\/v2\/types\/post"}],"author":[{"embeddable":true,"href":"https:\/\/www.europesays.com\/africa\/wp-json\/wp\/v2\/users\/2"}],"replies":[{"embeddable":true,"href":"https:\/\/www.europesays.com\/africa\/wp-json\/wp\/v2\/comments?post=17344"}],"version-history":[{"count":0,"href":"https:\/\/www.europesays.com\/africa\/wp-json\/wp\/v2\/posts\/17344\/revisions"}],"wp:featuredmedia":[{"embeddable":true,"href":"https:\/\/www.europesays.com\/africa\/wp-json\/wp\/v2\/media\/17345"}],"wp:attachment":[{"href":"https:\/\/www.europesays.com\/africa\/wp-json\/wp\/v2\/media?parent=17344"}],"wp:term":[{"taxonomy":"category","embeddable":true,"href":"https:\/\/www.europesays.com\/africa\/wp-json\/wp\/v2\/categories?post=17344"},{"taxonomy":"post_tag","embeddable":true,"href":"https:\/\/www.europesays.com\/africa\/wp-json\/wp\/v2\/tags?post=17344"}],"curies":[{"name":"wp","href":"https:\/\/api.w.org\/{rel}","templated":true}]}}