{"id":17397,"date":"2026-01-11T17:12:07","date_gmt":"2026-01-11T17:12:07","guid":{"rendered":"https:\/\/www.europesays.com\/africa\/17397\/"},"modified":"2026-01-11T17:12:07","modified_gmt":"2026-01-11T17:12:07","slug":"la-ram-et-nouvelair-ont-assure-le-transport","status":"publish","type":"post","link":"https:\/\/www.europesays.com\/africa\/17397\/","title":{"rendered":"la RAM et Nouvelair ont assur\u00e9 le transport"},"content":{"rendered":"<p class=\"p1\">Apr\u00e8s leur \u00e9limination en quarts de finale de la CAN 2025 samedi 10 janvier, les joueurs de <a href=\"https:\/\/www.visa-algerie.com\/video-la-victoire-de-lequipe-nationale-dalgerie-celebree-en-plein-vol\/\" rel=\"nofollow noopener\" target=\"_blank\">l\u2019\u00e9quipe nationale d\u2019Alg\u00e9rie<\/a> sont revenus ce dimanche dans le pays, en empruntant deux vols diff\u00e9rents.<\/p>\n<p class=\"p1\">L\u2019\u00e9quipe d\u2019Alg\u00e9rie a quitt\u00e9 la CAN 2025, apr\u00e8s sa d\u00e9faite am\u00e8re face au Nig\u00e9ria (0-2) en quarts de finale samedi \u00e0 Marrakech. Une d\u00e9faite am\u00e8re suite \u00e0 de multiples erreurs d\u2019arbitrage, notamment le penalty flagrant non siffl\u00e9.<\/p>\n<p>NOS VIDEOS\u00a0<\/p>\n<p class=\"p1\">Apr\u00e8s l\u2019\u00e9limination, les joueurs et le staff technique de l\u2019\u00e9quipe nationale ont quitt\u00e9 le Maroc ce dimanche 11 janvier \u00e0 bord de deux vols via une escale \u00e0 l\u2019a\u00e9roport international de Rabat. <\/p>\n<p>Deux vols assur\u00e9s par Royal Air Maroc et Nouvelair <\/p>\n<p class=\"p1\"><\/p>\n<p>Selon la page sp\u00e9cialis\u00e9e Moroccan Aviation, les membres de l\u2019\u00e9quipe d\u2019Alg\u00e9rie ont \u00e9t\u00e9 transport\u00e9s de Marrakech \u00e0 Rabat \u00e0 bord d\u2019un vol sp\u00e9cial de la compagnie a\u00e9rienne marocaine, Royal Air Maroc.<\/p>\n<p class=\"p1\">L\u2019appareil marocain n\u2019\u00e9tant pas autoris\u00e9 \u00e0 survoler l\u2019espace a\u00e9rien alg\u00e9rien, suite \u00e0 l\u2019interdiction impos\u00e9e par les autorit\u00e9s alg\u00e9riennes, le voyage devait se poursuivre \u00e0 bord d\u2019un autre avion. <\/p>\n<p class=\"p1\">Apr\u00e8s l\u2019escale \u00e0 l\u2019a\u00e9roport Rabat-Sal\u00e9, la d\u00e9l\u00e9gation alg\u00e9rienne a en effet pris un autre vol, assur\u00e9 par la compagnie a\u00e9rienne tunisienne Nouvelair. \u00a0<\/p>\n<p class=\"p1\">Le vol BJ 4545, assur\u00e9 par Nouvelair a atterri \u00e0 Alger cet apr\u00e8s-midi \u00e0 15 h 55, selon le programme des arriv\u00e9es consult\u00e9 sur le site web de l\u2019a\u00e9roport Houari Boumediene. \u00a0<\/p>\n<p class=\"p1\">Vendredi 19 d\u00e9cembre dernier, c\u2019est cette m\u00eame <a href=\"https:\/\/www.visa-algerie.com\/voici-la-compagnie-aerienne-qui-a-transporte-lequipe-dalgerie-au-maroc\/#google_vignette\" rel=\"nofollow noopener\" target=\"_blank\">compagnie tunisienne<\/a> qui avait transport\u00e9 la d\u00e9l\u00e9gation alg\u00e9rienne au d\u00e9part d\u2019Alger vers Rabat, \u00e0 bord du vol BJ4544 qui a d\u00e9coll\u00e9 de l\u2019a\u00e9roport international d\u2019Alger \u00e0 16 h 40 et a atterri \u00e0 l\u2019a\u00e9roport de Rabat \u00e0 18 h 10.\u00a0<\/p>\n","protected":false},"excerpt":{"rendered":"Apr\u00e8s leur \u00e9limination en quarts de finale de la CAN 2025 samedi 10 janvier, les joueurs de l\u2019\u00e9quipe&hellip;\n","protected":false},"author":2,"featured_media":17398,"comment_status":"","ping_status":"","sticky":false,"template":"","format":"standard","meta":{"footnotes":""},"categories":[41],"tags":[158,2902],"class_list":{"0":"post-17397","1":"post","2":"type-post","3":"status-publish","4":"format-standard","5":"has-post-thumbnail","7":"category-maroc","8":"tag-maroc","9":"tag-royal-air-maroc"},"share_on_mastodon":{"url":"","error":""},"_links":{"self":[{"href":"https:\/\/www.europesays.com\/africa\/wp-json\/wp\/v2\/posts\/17397","targetHints":{"allow":["GET"]}}],"collection":[{"href":"https:\/\/www.europesays.com\/africa\/wp-json\/wp\/v2\/posts"}],"about":[{"href":"https:\/\/www.europesays.com\/africa\/wp-json\/wp\/v2\/types\/post"}],"author":[{"embeddable":true,"href":"https:\/\/www.europesays.com\/africa\/wp-json\/wp\/v2\/users\/2"}],"replies":[{"embeddable":true,"href":"https:\/\/www.europesays.com\/africa\/wp-json\/wp\/v2\/comments?post=17397"}],"version-history":[{"count":0,"href":"https:\/\/www.europesays.com\/africa\/wp-json\/wp\/v2\/posts\/17397\/revisions"}],"wp:featuredmedia":[{"embeddable":true,"href":"https:\/\/www.europesays.com\/africa\/wp-json\/wp\/v2\/media\/17398"}],"wp:attachment":[{"href":"https:\/\/www.europesays.com\/africa\/wp-json\/wp\/v2\/media?parent=17397"}],"wp:term":[{"taxonomy":"category","embeddable":true,"href":"https:\/\/www.europesays.com\/africa\/wp-json\/wp\/v2\/categories?post=17397"},{"taxonomy":"post_tag","embeddable":true,"href":"https:\/\/www.europesays.com\/africa\/wp-json\/wp\/v2\/tags?post=17397"}],"curies":[{"name":"wp","href":"https:\/\/api.w.org\/{rel}","templated":true}]}}