{"id":17433,"date":"2026-01-11T17:40:36","date_gmt":"2026-01-11T17:40:36","guid":{"rendered":"https:\/\/www.europesays.com\/africa\/17433\/"},"modified":"2026-01-11T17:40:36","modified_gmt":"2026-01-11T17:40:36","slug":"mettez-vous-a-jour-la-sicap-a-lance-la-traque-aux-mauvais-payeurs","status":"publish","type":"post","link":"https:\/\/www.europesays.com\/africa\/17433\/","title":{"rendered":"Mettez-vous \u00e0 jour, la SICAP a lanc\u00e9 la traque aux mauvais payeurs !"},"content":{"rendered":"<p class=\"firstp\">La Soci\u00e9t\u00e9 immobili\u00e8re du Cap-Vert (Sicap) a engag\u00e9 une s\u00e9rie de proc\u00e9dures judiciaires visant le recouvrement de loyers \u00e9chus et impay\u00e9s dans le cadre de ses programmes immobiliers. Ces actions concernent des b\u00e9n\u00e9ficiaires ou occupants n\u2019ayant pas respect\u00e9 leurs obligations contractuelles, notamment le paiement r\u00e9gulier des loyers dus.<\/p>\n<p data-start=\"425\" data-end=\"793\">Lors de son audience du 6 janvier 2026, la 2\u1d49 Chambre civile du tribunal hors classe de Dakar a statu\u00e9 sur plusieurs dossiers introduits par la Sicap. \u00c0 l\u2019issue de ses d\u00e9lib\u00e9r\u00e9s, la juridiction a prononc\u00e9 un total de treize condamnations p\u00e9cuniaires, pour un montant cumul\u00e9 de 269.922.943 francs CFA, correspondant exclusivement \u00e0 des loyers \u00e9chus et demeur\u00e9s impay\u00e9s.\n<\/p>\n<p>Treize condamnations prononc\u00e9es en une seule audience<\/p>\n<p data-start=\"853\" data-end=\"1126\">Dans le d\u00e9tail, A. Diaw a \u00e9t\u00e9 condamn\u00e9 \u00e0 verser \u00e0 la Sicap la somme de 2.688.698 francs CFA. A. M. Tall devra, pour sa part, s\u2019acquitter de 36.880.766 francs CFA. I. Ndiaye a \u00e9t\u00e9 condamn\u00e9 \u00e0 payer 53.804.248 francs CFA, tandis que D. Fall devra verser 17.181.842 francs CFA.\n<\/p>\n<p data-start=\"1128\" data-end=\"1566\">Les autres condamnations concernent K. Koita (13.232.186 francs CFA), K. Wane (5.952.942 francs CFA), M. M. Sarr (57.804.248 francs CFA), M. Aidara (6.658.937 francs CFA), M. Ndiaye (1.245.369 francs CFA), O. Faye (3.070.060 francs CFA) et S. S\u00e8ne, condamn\u00e9 au <a href=\"https:\/\/www.senenews.com\/premium\/senegal-revelations-sur-les-risques-de-crise-de-liquidites-et-de-defaut-de-paiement-des-mars-2026_571709.html\" rel=\"nofollow noopener\" target=\"_blank\">paiement<\/a> de 55.422.427 francs CFA. La soci\u00e9t\u00e9 Sirl Sarl a \u00e9galement \u00e9t\u00e9 condamn\u00e9e \u00e0 r\u00e9gler la somme de 6.167.320 francs CFA, tandis que S. Fall devra payer 9.815.900 francs CFA.<\/p>\n<p data-start=\"1633\" data-end=\"1893\">Ces d\u00e9cisions ne constituent qu\u2019une partie des actions engag\u00e9es par la Sicap. D\u2019autres proc\u00e9dures similaires, portant \u00e9galement sur des loyers \u00e9chus et impay\u00e9s, sont toujours en instance devant les juridictions comp\u00e9tentes.<\/p>\n","protected":false},"excerpt":{"rendered":"La Soci\u00e9t\u00e9 immobili\u00e8re du Cap-Vert (Sicap) a engag\u00e9 une s\u00e9rie de proc\u00e9dures judiciaires visant le recouvrement de loyers&hellip;\n","protected":false},"author":2,"featured_media":17434,"comment_status":"","ping_status":"","sticky":false,"template":"","format":"standard","meta":{"footnotes":""},"categories":[48],"tags":[159,163,11019,239],"class_list":{"0":"post-17433","1":"post","2":"type-post","3":"status-publish","4":"format-standard","5":"has-post-thumbnail","7":"category-senegal","8":"tag-senegal","9":"tag-senegal-actualites","10":"tag-sicap","11":"tag-societe"},"share_on_mastodon":{"url":"","error":""},"_links":{"self":[{"href":"https:\/\/www.europesays.com\/africa\/wp-json\/wp\/v2\/posts\/17433","targetHints":{"allow":["GET"]}}],"collection":[{"href":"https:\/\/www.europesays.com\/africa\/wp-json\/wp\/v2\/posts"}],"about":[{"href":"https:\/\/www.europesays.com\/africa\/wp-json\/wp\/v2\/types\/post"}],"author":[{"embeddable":true,"href":"https:\/\/www.europesays.com\/africa\/wp-json\/wp\/v2\/users\/2"}],"replies":[{"embeddable":true,"href":"https:\/\/www.europesays.com\/africa\/wp-json\/wp\/v2\/comments?post=17433"}],"version-history":[{"count":0,"href":"https:\/\/www.europesays.com\/africa\/wp-json\/wp\/v2\/posts\/17433\/revisions"}],"wp:featuredmedia":[{"embeddable":true,"href":"https:\/\/www.europesays.com\/africa\/wp-json\/wp\/v2\/media\/17434"}],"wp:attachment":[{"href":"https:\/\/www.europesays.com\/africa\/wp-json\/wp\/v2\/media?parent=17433"}],"wp:term":[{"taxonomy":"category","embeddable":true,"href":"https:\/\/www.europesays.com\/africa\/wp-json\/wp\/v2\/categories?post=17433"},{"taxonomy":"post_tag","embeddable":true,"href":"https:\/\/www.europesays.com\/africa\/wp-json\/wp\/v2\/tags?post=17433"}],"curies":[{"name":"wp","href":"https:\/\/api.w.org\/{rel}","templated":true}]}}