{"id":17455,"date":"2026-01-11T17:55:07","date_gmt":"2026-01-11T17:55:07","guid":{"rendered":"https:\/\/www.europesays.com\/africa\/17455\/"},"modified":"2026-01-11T17:55:07","modified_gmt":"2026-01-11T17:55:07","slug":"atelier-de-formation-pour-les-jeunes-maalems-gnaoua-a-casablanca","status":"publish","type":"post","link":"https:\/\/www.europesays.com\/africa\/17455\/","title":{"rendered":"Atelier de formation pour les jeunes ma\u00e2lems Gnaoua \u00e0 Casablanca"},"content":{"rendered":"<p>\t\t\t\t\t L\u2019association Yerma Gnaoua a organis\u00e9, jeudi \u00e0 Casablanca, un atelier de formation pour les jeunes ma\u00e2lems Gnaoua et ce, dans le cadre du programme &#8220;Tamaalmit&#8221; visant \u00e0 pr\u00e9server le patrimoine gnaoui et assurer la rel\u00e8ve. <\/p>\n<p>Ce programme est lanc\u00e9 dans une premi\u00e8re \u00e9tape durant la p\u00e9riode du 2 au 9 janvier \u00e0 Casablanca et Marrakech au profit de six jeunes ma\u00e2lems Gnaoua. Le but est de les former dans la plus pure tradition de ce genre musical s\u00e9culaire inscrit au patrimoine culturel immat\u00e9riel de l&#8217;Unesco depuis 2019. <\/p>\n<p>Dans une d\u00e9claration \u00e0 la MAP, le Ma\u00e2lem Abdeslam Alikane, pr\u00e9sident de l\u2019association Yerma Gnaoua, a not\u00e9 que l\u2019art gnaoui n\u2019est pas seulement une musique mais bien plus, une m\u00e9moire vivante dont la transmission s\u2019effectue selon des rituels mystiques qui d\u00e9finissent l\u2019appartenance et le sens. <\/p>\n<p>Pour, le Ma\u00e2lem Alikane, \u00e9galement directeur artistique du Festival Ganoua et musiques des mondes, le programme &#8220;Tamaalmit&#8221; cherche \u00e0 pr\u00e9server l\u2019\u00e2me et l\u2019authenticit\u00e9 de la musique Gnaoua en veillant \u00e0 la transmettre le plus fid\u00e8lement possible aux jeunes ma\u00e2lems. <br \/>Et de souligner que la &#8220;Tamaalmit&#8221; n\u2019est pas un programme occasionnel mais un processus de longue haleine destin\u00e9 \u00e0 pr\u00e9server l\u2019art gnaoui dans toute son enti\u00e8ret\u00e9 et puret\u00e9, d\u2019une g\u00e9n\u00e9ration \u00e0 l\u2019autre. <\/p>\n<p>Pour sa part, Ayoub Bousta, un jeune ma\u00e2lem casablancais b\u00e9n\u00e9ficiaire de ce programme, a indiqu\u00e9 que l\u2019apprentissage de la musique Ganoua ne se r\u00e9sume pas seulement aux rythmes et notes mais bien plus, en faisant montre de profond respect de l\u2019h\u00e9ritage des grands ma\u00eetres de la musique Gnaoua. <br \/>D\u2019o\u00f9, pour lui, l\u2019importance de ce programme qui permet aux jeunes artistes \u00e9mergents de c\u00f4toyer les grands ma\u00e2lems et de se perfectionner. <\/p>\n<p>Outre les ateliers programm\u00e9s et encadr\u00e9s par les ma\u00e2lems Abdeslam Alikane et Hassan Boussou ainsi que le compositeur Abdellah El Miry, le programme &#8220;Tamaalmit&#8221; a \u00e9t\u00e9 marqu\u00e9 dans la soir\u00e9e par une c\u00e9l\u00e9bration de l\u2019art Gnaoua, sous la forme d\u2019une &#8220;lila&#8221; dans la plus pure tradition. <\/p>\n<p>L\u2019association Yerma Gnaoua a vu le jour en 2009 avec l\u2019objectif de veiller \u00e0 la pr\u00e9servation et la promotion de l&#8217;art et de la culture Gnaoua.\n\t\t\t\t <\/p>\n","protected":false},"excerpt":{"rendered":"L\u2019association Yerma Gnaoua a organis\u00e9, jeudi \u00e0 Casablanca, un atelier de formation pour les jeunes ma\u00e2lems Gnaoua et&hellip;\n","protected":false},"author":2,"featured_media":17456,"comment_status":"","ping_status":"","sticky":false,"template":"","format":"standard","meta":{"footnotes":""},"categories":[41],"tags":[11024,1742,11025,158],"class_list":{"0":"post-17455","1":"post","2":"type-post","3":"status-publish","4":"format-standard","5":"has-post-thumbnail","7":"category-maroc","8":"tag-atelier-de-formation","9":"tag-casablanca","10":"tag-jeunes-maalems-gnaoua","11":"tag-maroc"},"share_on_mastodon":{"url":"","error":""},"_links":{"self":[{"href":"https:\/\/www.europesays.com\/africa\/wp-json\/wp\/v2\/posts\/17455","targetHints":{"allow":["GET"]}}],"collection":[{"href":"https:\/\/www.europesays.com\/africa\/wp-json\/wp\/v2\/posts"}],"about":[{"href":"https:\/\/www.europesays.com\/africa\/wp-json\/wp\/v2\/types\/post"}],"author":[{"embeddable":true,"href":"https:\/\/www.europesays.com\/africa\/wp-json\/wp\/v2\/users\/2"}],"replies":[{"embeddable":true,"href":"https:\/\/www.europesays.com\/africa\/wp-json\/wp\/v2\/comments?post=17455"}],"version-history":[{"count":0,"href":"https:\/\/www.europesays.com\/africa\/wp-json\/wp\/v2\/posts\/17455\/revisions"}],"wp:featuredmedia":[{"embeddable":true,"href":"https:\/\/www.europesays.com\/africa\/wp-json\/wp\/v2\/media\/17456"}],"wp:attachment":[{"href":"https:\/\/www.europesays.com\/africa\/wp-json\/wp\/v2\/media?parent=17455"}],"wp:term":[{"taxonomy":"category","embeddable":true,"href":"https:\/\/www.europesays.com\/africa\/wp-json\/wp\/v2\/categories?post=17455"},{"taxonomy":"post_tag","embeddable":true,"href":"https:\/\/www.europesays.com\/africa\/wp-json\/wp\/v2\/tags?post=17455"}],"curies":[{"name":"wp","href":"https:\/\/api.w.org\/{rel}","templated":true}]}}